{"id":1165,"date":"2025-01-09T08:49:38","date_gmt":"2025-01-09T07:49:38","guid":{"rendered":"https:\/\/www.connectanatura.org\/?p=1165"},"modified":"2025-04-29T10:24:53","modified_gmt":"2025-04-29T08:24:53","slug":"varietats-tradicionals-per-a-enxarxar-nos","status":"publish","type":"post","link":"https:\/\/www.connectanatura.org\/cas\/varietats-tradicionals-per-a-enxarxar-nos\/","title":{"rendered":"Varietats Tradicionals per a Enxarxar-nos!"},"content":{"rendered":"<p class=\"is-layout-flow wp-block-quote-is-layout-flow\"><em>Des de l\u2019associaci\u00f3 Connecta Natura creiem que l\u2019\u00fas de es varietats tradicionals de cultiu i el seu coneixement tradicional associat col\u00b7laboren a la dinamitzaci\u00f3 dels territoris rurals. En aquest context, vam impulsar aquest projecte amb la idea de reviure aquestes estrat\u00e8gies de suport mutu i aix\u00ed revitalitzar un mode de vida en comuni\u00f3 en el medi natural, com una forma de donar for\u00e7a al teixit associatiu de les comarques castellonenques.\u00a0<\/em><\/p>\r\n\r\n\r\n\r\n<p>Sota aquest \ud835\udc15\ud835\udc1a\ud835\udc2b\ud835\udc22\ud835\udc1e\ud835\udc2d\ud835\udc1a\ud835\udc2d\ud835\udc2c \ud835\udc13\ud835\udc2b\ud835\udc1a\ud835\udc1d\ud835\udc22\ud835\udc1c\ud835\udc22\ud835\udc28\ud835\udc27\ud835\udc1a\ud835\udc25\ud835\udc2c \ud835\udc29\ud835\udc1e\ud835\udc2b \ud835\udc1a \ud835\udc04\ud835\udc27\ud835\udc31\ud835\udc1a\ud835\udc2b\ud835\udc31\ud835\udc1a\ud835\udc2b-\ud835\udc27\ud835\udc28\ud835\udc2c hem rebut 24.959,50 \u20ac\u00a0 en la l\u00ednia de subvencions destinades a les entitats ciutadanes de la Comunitat Valenciana per a l&#8217;enfortiment de la participaci\u00f3 ciutadana en l&#8217;\u00e0mbit de l&#8217;associacionisme, durant l&#8217;exercici 2023 que atorga la Conselleria de Participaci\u00f3, Transpar\u00e8ncia, Cooperaci\u00f3 i Qualitat Democr\u00e0tica. Aquest finan\u00e7ament l\u2019hem dedicat a un programa de tallers, formacions i activitats amb els seg\u00fcents objectius:\u00a0<\/p>\r\n\r\n\r\n\r\n<ul class=\"wp-block-list\">\r\n<li>Formaci\u00f3, assessorament i suport a la xarxa participativa dels pobles i comarques de l\u2019interior de Castell\u00f3.<\/li>\r\n<li>Promoci\u00f3 del pacte per les varietats i coneixements agr\u00edcoles tradicionals de les comarques de Castell\u00f3.<\/li>\r\n<li>Dur a terme el registre participatiu comunitari de varietats tradicionals de les comarques de Castell\u00f3.<\/li>\r\n<li>Co-creaci\u00f3 d\u2019una estrat\u00e8gia de participaci\u00f3 per tal d\u2019involucrar en el dia a dia de l\u2019entitat a les persones associades que permeta l\u2019enfortiment i millora del funcionament intern.<\/li>\r\n<\/ul>\r\n\r\n\r\n\r\n<p><strong>Registres participatius de varietats tradicionals<\/strong><\/p>\r\n\r\n\r\n\r\n<figure class=\"wp-block-gallery columns-3 is-cropped wp-block-gallery-1 is-layout-flex wp-block-gallery-is-layout-flex\">\r\n<ul class=\"blocks-gallery-grid\">\r\n<li class=\"blocks-gallery-item\">\r\n<figure><img fetchpriority=\"high\" decoding=\"async\" width=\"1030\" height=\"687\" class=\"wp-image-1191\" src=\"https:\/\/www.connectanatura.org\/wp-content\/uploads\/2024\/01\/MG_5647-1030x687.jpg\" alt=\"\" data-id=\"1191\" data-full-url=\"https:\/\/www.connectanatura.org\/wp-content\/uploads\/2024\/01\/MG_5647-scaled.jpg\" data-link=\"https:\/\/www.connectanatura.org\/varietats-tradicionals-per-a-enxarxar-nos\/mg_5647\/\" srcset=\"https:\/\/www.connectanatura.org\/wp-content\/uploads\/2024\/01\/MG_5647-1030x687.jpg 1030w, https:\/\/www.connectanatura.org\/wp-content\/uploads\/2024\/01\/MG_5647-300x200.jpg 300w, https:\/\/www.connectanatura.org\/wp-content\/uploads\/2024\/01\/MG_5647-768x512.jpg 768w, https:\/\/www.connectanatura.org\/wp-content\/uploads\/2024\/01\/MG_5647-1536x1024.jpg 1536w, https:\/\/www.connectanatura.org\/wp-content\/uploads\/2024\/01\/MG_5647-2048x1365.jpg 2048w, https:\/\/www.connectanatura.org\/wp-content\/uploads\/2024\/01\/MG_5647-1500x1000.jpg 1500w, https:\/\/www.connectanatura.org\/wp-content\/uploads\/2024\/01\/MG_5647-705x470.jpg 705w\" sizes=\"(max-width: 1030px) 100vw, 1030px\" \/><\/figure>\r\n<\/li>\r\n<li class=\"blocks-gallery-item\">\r\n<figure><img decoding=\"async\" width=\"1030\" height=\"687\" class=\"wp-image-1192\" src=\"https:\/\/www.connectanatura.org\/wp-content\/uploads\/2024\/01\/MG_5673-3-1030x687.jpg\" alt=\"\" data-id=\"1192\" data-full-url=\"https:\/\/www.connectanatura.org\/wp-content\/uploads\/2024\/01\/MG_5673-3-scaled.jpg\" data-link=\"https:\/\/www.connectanatura.org\/varietats-tradicionals-per-a-enxarxar-nos\/mg_5673-3\/\" srcset=\"https:\/\/www.connectanatura.org\/wp-content\/uploads\/2024\/01\/MG_5673-3-1030x687.jpg 1030w, https:\/\/www.connectanatura.org\/wp-content\/uploads\/2024\/01\/MG_5673-3-300x200.jpg 300w, https:\/\/www.connectanatura.org\/wp-content\/uploads\/2024\/01\/MG_5673-3-768x512.jpg 768w, https:\/\/www.connectanatura.org\/wp-content\/uploads\/2024\/01\/MG_5673-3-1536x1024.jpg 1536w, https:\/\/www.connectanatura.org\/wp-content\/uploads\/2024\/01\/MG_5673-3-2048x1365.jpg 2048w, https:\/\/www.connectanatura.org\/wp-content\/uploads\/2024\/01\/MG_5673-3-1500x1000.jpg 1500w, https:\/\/www.connectanatura.org\/wp-content\/uploads\/2024\/01\/MG_5673-3-705x470.jpg 705w\" sizes=\"(max-width: 1030px) 100vw, 1030px\" \/><\/figure>\r\n<\/li>\r\n<li class=\"blocks-gallery-item\">\r\n<figure><img decoding=\"async\" width=\"1030\" height=\"687\" class=\"wp-image-1193\" src=\"https:\/\/www.connectanatura.org\/wp-content\/uploads\/2024\/01\/MG_5614-1-1030x687.jpg\" alt=\"\" data-id=\"1193\" data-full-url=\"https:\/\/www.connectanatura.org\/wp-content\/uploads\/2024\/01\/MG_5614-1-scaled.jpg\" data-link=\"https:\/\/www.connectanatura.org\/varietats-tradicionals-per-a-enxarxar-nos\/mg_5614-1\/\" srcset=\"https:\/\/www.connectanatura.org\/wp-content\/uploads\/2024\/01\/MG_5614-1-1030x687.jpg 1030w, https:\/\/www.connectanatura.org\/wp-content\/uploads\/2024\/01\/MG_5614-1-300x200.jpg 300w, https:\/\/www.connectanatura.org\/wp-content\/uploads\/2024\/01\/MG_5614-1-768x512.jpg 768w, https:\/\/www.connectanatura.org\/wp-content\/uploads\/2024\/01\/MG_5614-1-1536x1024.jpg 1536w, https:\/\/www.connectanatura.org\/wp-content\/uploads\/2024\/01\/MG_5614-1-2048x1365.jpg 2048w, https:\/\/www.connectanatura.org\/wp-content\/uploads\/2024\/01\/MG_5614-1-1500x1000.jpg 1500w, https:\/\/www.connectanatura.org\/wp-content\/uploads\/2024\/01\/MG_5614-1-705x470.jpg 705w\" sizes=\"(max-width: 1030px) 100vw, 1030px\" \/><\/figure>\r\n<\/li>\r\n<li class=\"blocks-gallery-item\">\r\n<figure><img loading=\"lazy\" decoding=\"async\" width=\"1030\" height=\"687\" class=\"wp-image-1195\" src=\"https:\/\/www.connectanatura.org\/wp-content\/uploads\/2024\/01\/MG_5702-2-1030x687.jpg\" alt=\"\" data-id=\"1195\" data-full-url=\"https:\/\/www.connectanatura.org\/wp-content\/uploads\/2024\/01\/MG_5702-2-scaled.jpg\" data-link=\"https:\/\/www.connectanatura.org\/varietats-tradicionals-per-a-enxarxar-nos\/mg_5702-2\/\" srcset=\"https:\/\/www.connectanatura.org\/wp-content\/uploads\/2024\/01\/MG_5702-2-1030x687.jpg 1030w, https:\/\/www.connectanatura.org\/wp-content\/uploads\/2024\/01\/MG_5702-2-300x200.jpg 300w, https:\/\/www.connectanatura.org\/wp-content\/uploads\/2024\/01\/MG_5702-2-768x512.jpg 768w, https:\/\/www.connectanatura.org\/wp-content\/uploads\/2024\/01\/MG_5702-2-1536x1024.jpg 1536w, https:\/\/www.connectanatura.org\/wp-content\/uploads\/2024\/01\/MG_5702-2-2048x1365.jpg 2048w, https:\/\/www.connectanatura.org\/wp-content\/uploads\/2024\/01\/MG_5702-2-1500x1000.jpg 1500w, https:\/\/www.connectanatura.org\/wp-content\/uploads\/2024\/01\/MG_5702-2-705x470.jpg 705w\" sizes=\"(max-width: 1030px) 100vw, 1030px\" \/><\/figure>\r\n<\/li>\r\n<li class=\"blocks-gallery-item\">\r\n<figure><img loading=\"lazy\" decoding=\"async\" width=\"1030\" height=\"687\" class=\"wp-image-1196\" src=\"https:\/\/www.connectanatura.org\/wp-content\/uploads\/2024\/01\/MG_5686-1030x687.jpg\" alt=\"\" data-id=\"1196\" data-full-url=\"https:\/\/www.connectanatura.org\/wp-content\/uploads\/2024\/01\/MG_5686-scaled.jpg\" data-link=\"https:\/\/www.connectanatura.org\/varietats-tradicionals-per-a-enxarxar-nos\/mg_5686\/\" srcset=\"https:\/\/www.connectanatura.org\/wp-content\/uploads\/2024\/01\/MG_5686-1030x687.jpg 1030w, https:\/\/www.connectanatura.org\/wp-content\/uploads\/2024\/01\/MG_5686-300x200.jpg 300w, https:\/\/www.connectanatura.org\/wp-content\/uploads\/2024\/01\/MG_5686-768x512.jpg 768w, https:\/\/www.connectanatura.org\/wp-content\/uploads\/2024\/01\/MG_5686-1536x1024.jpg 1536w, https:\/\/www.connectanatura.org\/wp-content\/uploads\/2024\/01\/MG_5686-2048x1365.jpg 2048w, https:\/\/www.connectanatura.org\/wp-content\/uploads\/2024\/01\/MG_5686-1500x1000.jpg 1500w, https:\/\/www.connectanatura.org\/wp-content\/uploads\/2024\/01\/MG_5686-705x470.jpg 705w\" sizes=\"(max-width: 1030px) 100vw, 1030px\" \/><\/figure>\r\n<\/li>\r\n<li class=\"blocks-gallery-item\">\r\n<figure><img loading=\"lazy\" decoding=\"async\" width=\"1030\" height=\"687\" class=\"wp-image-1197\" src=\"https:\/\/www.connectanatura.org\/wp-content\/uploads\/2024\/01\/MG_5717-2-1030x687.jpg\" alt=\"\" data-id=\"1197\" data-full-url=\"https:\/\/www.connectanatura.org\/wp-content\/uploads\/2024\/01\/MG_5717-2-scaled.jpg\" data-link=\"https:\/\/www.connectanatura.org\/varietats-tradicionals-per-a-enxarxar-nos\/mg_5717-2\/\" srcset=\"https:\/\/www.connectanatura.org\/wp-content\/uploads\/2024\/01\/MG_5717-2-1030x687.jpg 1030w, https:\/\/www.connectanatura.org\/wp-content\/uploads\/2024\/01\/MG_5717-2-300x200.jpg 300w, https:\/\/www.connectanatura.org\/wp-content\/uploads\/2024\/01\/MG_5717-2-768x512.jpg 768w, https:\/\/www.connectanatura.org\/wp-content\/uploads\/2024\/01\/MG_5717-2-1536x1024.jpg 1536w, https:\/\/www.connectanatura.org\/wp-content\/uploads\/2024\/01\/MG_5717-2-2048x1365.jpg 2048w, https:\/\/www.connectanatura.org\/wp-content\/uploads\/2024\/01\/MG_5717-2-1500x1000.jpg 1500w, https:\/\/www.connectanatura.org\/wp-content\/uploads\/2024\/01\/MG_5717-2-705x470.jpg 705w\" sizes=\"(max-width: 1030px) 100vw, 1030px\" \/><\/figure>\r\n<\/li>\r\n<\/ul>\r\n<\/figure>\r\n\r\n\r\n\r\n<p>El registre participatiu \u00e9s una metodologia \u00e0mpliament utilitzada en molts territoris per donar visibilitat i reconeixement a aquesta varietat mitjan\u00e7ant la participaci\u00f3 de la ciutadania local. Amb aix\u00f2 vam organitzar el \u2018<strong>Registre Participatiu de la Cirera de Mar\u00e7o o del Tio Xispo<\/strong>\u2019 a la poblaci\u00f3 d\u2019<strong>A\u00edn<\/strong>, a la Serra d\u2019Espad\u00e0. \u00c9s per aix\u00f2 que el 26 de novembre 46 persones van venir per posar en volar una cirera tan simb\u00f2lica i unida al present i passat recent de la Serra d&#8217;Espad\u00e0. A m\u00e9s a m\u00e9s, es va fer un visionament del v\u00eddeo que recull els testimonis que parlen de la varietat, a la vegada que es va recollir gr\u00e0ficament tota la informaci\u00f3 que disposem en quant al seu cultiu i cultura associada. La jornada va acabar amb un emotiu concert de Jorge Gumbau, jove cantautor de Betx\u00ed.<\/p>\r\n\r\n\r\n\r\n<figure class=\"wp-block-gallery columns-3 is-cropped wp-block-gallery-2 is-layout-flex wp-block-gallery-is-layout-flex\">\r\n<ul class=\"blocks-gallery-grid\">\r\n<li class=\"blocks-gallery-item\">\r\n<figure><img loading=\"lazy\" decoding=\"async\" width=\"1030\" height=\"687\" class=\"wp-image-1198\" src=\"https:\/\/www.connectanatura.org\/wp-content\/uploads\/2024\/01\/registre_participatiu_coll_del_sastre-03-1030x687.jpg\" alt=\"\" data-id=\"1198\" data-link=\"https:\/\/www.connectanatura.org\/varietats-tradicionals-per-a-enxarxar-nos\/registre_participatiu_coll_del_sastre-03\/\" srcset=\"https:\/\/www.connectanatura.org\/wp-content\/uploads\/2024\/01\/registre_participatiu_coll_del_sastre-03-1030x687.jpg 1030w, https:\/\/www.connectanatura.org\/wp-content\/uploads\/2024\/01\/registre_participatiu_coll_del_sastre-03-300x200.jpg 300w, https:\/\/www.connectanatura.org\/wp-content\/uploads\/2024\/01\/registre_participatiu_coll_del_sastre-03-768x512.jpg 768w, https:\/\/www.connectanatura.org\/wp-content\/uploads\/2024\/01\/registre_participatiu_coll_del_sastre-03-1536x1024.jpg 1536w, https:\/\/www.connectanatura.org\/wp-content\/uploads\/2024\/01\/registre_participatiu_coll_del_sastre-03-2048x1365.jpg 2048w, https:\/\/www.connectanatura.org\/wp-content\/uploads\/2024\/01\/registre_participatiu_coll_del_sastre-03-1500x1000.jpg 1500w, https:\/\/www.connectanatura.org\/wp-content\/uploads\/2024\/01\/registre_participatiu_coll_del_sastre-03-705x470.jpg 705w\" sizes=\"(max-width: 1030px) 100vw, 1030px\" \/><\/figure>\r\n<\/li>\r\n<li class=\"blocks-gallery-item\">\r\n<figure><img loading=\"lazy\" decoding=\"async\" width=\"1030\" height=\"687\" class=\"wp-image-1205\" src=\"https:\/\/www.connectanatura.org\/wp-content\/uploads\/2024\/01\/registre_participatiu_coll_del_sastre-04-1-1030x687.jpg\" alt=\"\" data-id=\"1205\" data-link=\"https:\/\/www.connectanatura.org\/varietats-tradicionals-per-a-enxarxar-nos\/registre_participatiu_coll_del_sastre-04-1\/\" srcset=\"https:\/\/www.connectanatura.org\/wp-content\/uploads\/2024\/01\/registre_participatiu_coll_del_sastre-04-1-1030x687.jpg 1030w, https:\/\/www.connectanatura.org\/wp-content\/uploads\/2024\/01\/registre_participatiu_coll_del_sastre-04-1-300x200.jpg 300w, https:\/\/www.connectanatura.org\/wp-content\/uploads\/2024\/01\/registre_participatiu_coll_del_sastre-04-1-768x512.jpg 768w, https:\/\/www.connectanatura.org\/wp-content\/uploads\/2024\/01\/registre_participatiu_coll_del_sastre-04-1-1536x1024.jpg 1536w, https:\/\/www.connectanatura.org\/wp-content\/uploads\/2024\/01\/registre_participatiu_coll_del_sastre-04-1-2048x1365.jpg 2048w, https:\/\/www.connectanatura.org\/wp-content\/uploads\/2024\/01\/registre_participatiu_coll_del_sastre-04-1-1500x1000.jpg 1500w, https:\/\/www.connectanatura.org\/wp-content\/uploads\/2024\/01\/registre_participatiu_coll_del_sastre-04-1-705x470.jpg 705w\" sizes=\"(max-width: 1030px) 100vw, 1030px\" \/><\/figure>\r\n<\/li>\r\n<li class=\"blocks-gallery-item\">\r\n<figure><img loading=\"lazy\" decoding=\"async\" width=\"1030\" height=\"687\" class=\"wp-image-1206\" src=\"https:\/\/www.connectanatura.org\/wp-content\/uploads\/2024\/01\/registre_participatiu_coll_del_sastre-16-1-1030x687.jpg\" alt=\"\" data-id=\"1206\" data-link=\"https:\/\/www.connectanatura.org\/varietats-tradicionals-per-a-enxarxar-nos\/registre_participatiu_coll_del_sastre-16-1\/\" srcset=\"https:\/\/www.connectanatura.org\/wp-content\/uploads\/2024\/01\/registre_participatiu_coll_del_sastre-16-1-1030x687.jpg 1030w, https:\/\/www.connectanatura.org\/wp-content\/uploads\/2024\/01\/registre_participatiu_coll_del_sastre-16-1-300x200.jpg 300w, https:\/\/www.connectanatura.org\/wp-content\/uploads\/2024\/01\/registre_participatiu_coll_del_sastre-16-1-768x512.jpg 768w, https:\/\/www.connectanatura.org\/wp-content\/uploads\/2024\/01\/registre_participatiu_coll_del_sastre-16-1-1536x1024.jpg 1536w, https:\/\/www.connectanatura.org\/wp-content\/uploads\/2024\/01\/registre_participatiu_coll_del_sastre-16-1-2048x1365.jpg 2048w, https:\/\/www.connectanatura.org\/wp-content\/uploads\/2024\/01\/registre_participatiu_coll_del_sastre-16-1-1500x1000.jpg 1500w, https:\/\/www.connectanatura.org\/wp-content\/uploads\/2024\/01\/registre_participatiu_coll_del_sastre-16-1-705x470.jpg 705w\" sizes=\"(max-width: 1030px) 100vw, 1030px\" \/><\/figure>\r\n<\/li>\r\n<li class=\"blocks-gallery-item\">\r\n<figure><img loading=\"lazy\" decoding=\"async\" width=\"1030\" height=\"687\" class=\"wp-image-1207\" src=\"https:\/\/www.connectanatura.org\/wp-content\/uploads\/2024\/01\/registre_participatiu_coll_del_sastre-40-1-1030x687.jpg\" alt=\"\" data-id=\"1207\" data-link=\"https:\/\/www.connectanatura.org\/varietats-tradicionals-per-a-enxarxar-nos\/registre_participatiu_coll_del_sastre-40-1\/\" srcset=\"https:\/\/www.connectanatura.org\/wp-content\/uploads\/2024\/01\/registre_participatiu_coll_del_sastre-40-1-1030x687.jpg 1030w, https:\/\/www.connectanatura.org\/wp-content\/uploads\/2024\/01\/registre_participatiu_coll_del_sastre-40-1-300x200.jpg 300w, https:\/\/www.connectanatura.org\/wp-content\/uploads\/2024\/01\/registre_participatiu_coll_del_sastre-40-1-768x512.jpg 768w, https:\/\/www.connectanatura.org\/wp-content\/uploads\/2024\/01\/registre_participatiu_coll_del_sastre-40-1-1536x1024.jpg 1536w, https:\/\/www.connectanatura.org\/wp-content\/uploads\/2024\/01\/registre_participatiu_coll_del_sastre-40-1-2048x1365.jpg 2048w, https:\/\/www.connectanatura.org\/wp-content\/uploads\/2024\/01\/registre_participatiu_coll_del_sastre-40-1-1500x1000.jpg 1500w, https:\/\/www.connectanatura.org\/wp-content\/uploads\/2024\/01\/registre_participatiu_coll_del_sastre-40-1-705x470.jpg 705w\" sizes=\"(max-width: 1030px) 100vw, 1030px\" \/><\/figure>\r\n<\/li>\r\n<li class=\"blocks-gallery-item\">\r\n<figure><img loading=\"lazy\" decoding=\"async\" width=\"1030\" height=\"687\" class=\"wp-image-1208\" src=\"https:\/\/www.connectanatura.org\/wp-content\/uploads\/2024\/01\/registre_participatiu_coll_del_sastre-47-1-1030x687.jpg\" alt=\"\" data-id=\"1208\" data-link=\"https:\/\/www.connectanatura.org\/varietats-tradicionals-per-a-enxarxar-nos\/registre_participatiu_coll_del_sastre-47-1\/\" srcset=\"https:\/\/www.connectanatura.org\/wp-content\/uploads\/2024\/01\/registre_participatiu_coll_del_sastre-47-1-1030x687.jpg 1030w, https:\/\/www.connectanatura.org\/wp-content\/uploads\/2024\/01\/registre_participatiu_coll_del_sastre-47-1-300x200.jpg 300w, https:\/\/www.connectanatura.org\/wp-content\/uploads\/2024\/01\/registre_participatiu_coll_del_sastre-47-1-768x512.jpg 768w, https:\/\/www.connectanatura.org\/wp-content\/uploads\/2024\/01\/registre_participatiu_coll_del_sastre-47-1-1536x1024.jpg 1536w, https:\/\/www.connectanatura.org\/wp-content\/uploads\/2024\/01\/registre_participatiu_coll_del_sastre-47-1-2048x1365.jpg 2048w, https:\/\/www.connectanatura.org\/wp-content\/uploads\/2024\/01\/registre_participatiu_coll_del_sastre-47-1-1500x1000.jpg 1500w, https:\/\/www.connectanatura.org\/wp-content\/uploads\/2024\/01\/registre_participatiu_coll_del_sastre-47-1-705x470.jpg 705w\" sizes=\"(max-width: 1030px) 100vw, 1030px\" \/><\/figure>\r\n<\/li>\r\n<\/ul>\r\n<\/figure>\r\n\r\n\r\n\r\n<p>En la l\u00ednea d\u2019aquesta metodologia, la segona trobada va ser a la<strong> Pobla de Benifass\u00e0<\/strong>, el passat 17 de desembre. All\u00e0 es va registrar participativament la varietat de Cirera \u2018<strong>Coll del Sastre<\/strong>\u2019, molt arrelada i apreciada per totes les assistents, donat que antigament es comercialitzava i era molt valorada per la seua dol\u00e7or. Despr\u00e9s del visionament del v\u00eddeo corresponent, v\u00e0rem repartir arbrets d&#8217;aquesta varietat de cirerer tan emblem\u00e0tica entre les assistents. L&#8217;activitat va concloure amb la ruta interpretativa que organitzava el Parc Natural de la Tinen\u00e7a de Benifass\u00e0, on vam visitar els terrenys de Jos\u00e9 Ram\u00f3n, on encara conserva cirerers molt antics.<\/p>\r\n\r\n\r\n\r\n<p>&nbsp;<\/p>\r\n\r\n\r\n\r\n<p><strong>Formacions<\/strong><\/p>\r\n\r\n\r\n\r\n<p>Durant aquesta tardor tamb\u00e9 s\u2019han realitzat quatre tallers de formaci\u00f3 per promoure l\u2019enfortiment, consolidaci\u00f3 i autonomia de la Xarxa de Guardianes de Varietats i Coneixements Tradicionals. Concretament, s\u2019han realitzat dos tallers socials per promoure l\u2019aprenentatge de metodologies per al foment de l\u2019associacionisme i les cures del grup i dos tallers dedicats a les metodologies per a la conservaci\u00f3 participativa i en xarxa de les varietats tradicionals de cultiu.<\/p>\r\n\r\n\r\n\r\n<figure class=\"wp-block-gallery columns-3 is-cropped wp-block-gallery-3 is-layout-flex wp-block-gallery-is-layout-flex\">\r\n<ul class=\"blocks-gallery-grid\">\r\n<li class=\"blocks-gallery-item\">\r\n<figure><img loading=\"lazy\" decoding=\"async\" width=\"564\" height=\"564\" class=\"wp-image-1172\" src=\"https:\/\/www.connectanatura.org\/wp-content\/uploads\/2024\/01\/formacions-varietats-enxarxarnos-1.jpg\" alt=\"\" data-id=\"1172\" data-full-url=\"https:\/\/www.connectanatura.org\/wp-content\/uploads\/2024\/01\/formacions-varietats-enxarxarnos-1.jpg\" data-link=\"https:\/\/www.connectanatura.org\/varietats-tradicionals-per-a-enxarxar-nos\/formacions-varietats-enxarxarnos-1\/\" srcset=\"https:\/\/www.connectanatura.org\/wp-content\/uploads\/2024\/01\/formacions-varietats-enxarxarnos-1.jpg 564w, https:\/\/www.connectanatura.org\/wp-content\/uploads\/2024\/01\/formacions-varietats-enxarxarnos-1-300x300.jpg 300w, https:\/\/www.connectanatura.org\/wp-content\/uploads\/2024\/01\/formacions-varietats-enxarxarnos-1-80x80.jpg 80w, https:\/\/www.connectanatura.org\/wp-content\/uploads\/2024\/01\/formacions-varietats-enxarxarnos-1-36x36.jpg 36w, https:\/\/www.connectanatura.org\/wp-content\/uploads\/2024\/01\/formacions-varietats-enxarxarnos-1-180x180.jpg 180w\" sizes=\"(max-width: 564px) 100vw, 564px\" \/><\/figure>\r\n<\/li>\r\n<li class=\"blocks-gallery-item\">\r\n<figure><img loading=\"lazy\" decoding=\"async\" width=\"502\" height=\"502\" class=\"wp-image-1173\" src=\"https:\/\/www.connectanatura.org\/wp-content\/uploads\/2024\/01\/formacions-varietats-enxarxarnos-2.jpg\" alt=\"\" data-id=\"1173\" data-full-url=\"https:\/\/www.connectanatura.org\/wp-content\/uploads\/2024\/01\/formacions-varietats-enxarxarnos-2.jpg\" data-link=\"https:\/\/www.connectanatura.org\/varietats-tradicionals-per-a-enxarxar-nos\/formacions-varietats-enxarxarnos-2\/\" srcset=\"https:\/\/www.connectanatura.org\/wp-content\/uploads\/2024\/01\/formacions-varietats-enxarxarnos-2.jpg 502w, https:\/\/www.connectanatura.org\/wp-content\/uploads\/2024\/01\/formacions-varietats-enxarxarnos-2-300x300.jpg 300w, https:\/\/www.connectanatura.org\/wp-content\/uploads\/2024\/01\/formacions-varietats-enxarxarnos-2-80x80.jpg 80w, https:\/\/www.connectanatura.org\/wp-content\/uploads\/2024\/01\/formacions-varietats-enxarxarnos-2-36x36.jpg 36w, https:\/\/www.connectanatura.org\/wp-content\/uploads\/2024\/01\/formacions-varietats-enxarxarnos-2-180x180.jpg 180w\" sizes=\"(max-width: 502px) 100vw, 502px\" \/><\/figure>\r\n<\/li>\r\n<li class=\"blocks-gallery-item\">\r\n<figure><img loading=\"lazy\" decoding=\"async\" width=\"866\" height=\"866\" class=\"wp-image-1174\" src=\"https:\/\/www.connectanatura.org\/wp-content\/uploads\/2024\/01\/formacions-varietats-enxarxarnos-3.jpg\" alt=\"\" data-id=\"1174\" data-full-url=\"https:\/\/www.connectanatura.org\/wp-content\/uploads\/2024\/01\/formacions-varietats-enxarxarnos-3.jpg\" data-link=\"https:\/\/www.connectanatura.org\/varietats-tradicionals-per-a-enxarxar-nos\/formacions-varietats-enxarxarnos-3\/\" srcset=\"https:\/\/www.connectanatura.org\/wp-content\/uploads\/2024\/01\/formacions-varietats-enxarxarnos-3.jpg 866w, https:\/\/www.connectanatura.org\/wp-content\/uploads\/2024\/01\/formacions-varietats-enxarxarnos-3-300x300.jpg 300w, https:\/\/www.connectanatura.org\/wp-content\/uploads\/2024\/01\/formacions-varietats-enxarxarnos-3-80x80.jpg 80w, https:\/\/www.connectanatura.org\/wp-content\/uploads\/2024\/01\/formacions-varietats-enxarxarnos-3-768x768.jpg 768w, https:\/\/www.connectanatura.org\/wp-content\/uploads\/2024\/01\/formacions-varietats-enxarxarnos-3-36x36.jpg 36w, https:\/\/www.connectanatura.org\/wp-content\/uploads\/2024\/01\/formacions-varietats-enxarxarnos-3-180x180.jpg 180w, https:\/\/www.connectanatura.org\/wp-content\/uploads\/2024\/01\/formacions-varietats-enxarxarnos-3-705x705.jpg 705w\" sizes=\"(max-width: 866px) 100vw, 866px\" \/><\/figure>\r\n<\/li>\r\n<li class=\"blocks-gallery-item\">\r\n<figure><img loading=\"lazy\" decoding=\"async\" width=\"567\" height=\"567\" class=\"wp-image-1175\" src=\"https:\/\/www.connectanatura.org\/wp-content\/uploads\/2024\/01\/formacions-varietats-enxarxarnos-4.jpg\" alt=\"\" data-id=\"1175\" data-full-url=\"https:\/\/www.connectanatura.org\/wp-content\/uploads\/2024\/01\/formacions-varietats-enxarxarnos-4.jpg\" data-link=\"https:\/\/www.connectanatura.org\/varietats-tradicionals-per-a-enxarxar-nos\/formacions-varietats-enxarxarnos-4\/\" srcset=\"https:\/\/www.connectanatura.org\/wp-content\/uploads\/2024\/01\/formacions-varietats-enxarxarnos-4.jpg 567w, https:\/\/www.connectanatura.org\/wp-content\/uploads\/2024\/01\/formacions-varietats-enxarxarnos-4-300x300.jpg 300w, https:\/\/www.connectanatura.org\/wp-content\/uploads\/2024\/01\/formacions-varietats-enxarxarnos-4-80x80.jpg 80w, https:\/\/www.connectanatura.org\/wp-content\/uploads\/2024\/01\/formacions-varietats-enxarxarnos-4-36x36.jpg 36w, https:\/\/www.connectanatura.org\/wp-content\/uploads\/2024\/01\/formacions-varietats-enxarxarnos-4-180x180.jpg 180w\" sizes=\"(max-width: 567px) 100vw, 567px\" \/><\/figure>\r\n<\/li>\r\n<li class=\"blocks-gallery-item\">\r\n<figure><img loading=\"lazy\" decoding=\"async\" width=\"1030\" height=\"1030\" class=\"wp-image-1176\" src=\"https:\/\/www.connectanatura.org\/wp-content\/uploads\/2024\/01\/formacions-varietats-enxarxarnos-5-1030x1030.jpg\" alt=\"\" data-id=\"1176\" data-full-url=\"https:\/\/www.connectanatura.org\/wp-content\/uploads\/2024\/01\/formacions-varietats-enxarxarnos-5.jpg\" data-link=\"https:\/\/www.connectanatura.org\/varietats-tradicionals-per-a-enxarxar-nos\/formacions-varietats-enxarxarnos-5\/\" srcset=\"https:\/\/www.connectanatura.org\/wp-content\/uploads\/2024\/01\/formacions-varietats-enxarxarnos-5-1030x1030.jpg 1030w, https:\/\/www.connectanatura.org\/wp-content\/uploads\/2024\/01\/formacions-varietats-enxarxarnos-5-300x300.jpg 300w, https:\/\/www.connectanatura.org\/wp-content\/uploads\/2024\/01\/formacions-varietats-enxarxarnos-5-80x80.jpg 80w, https:\/\/www.connectanatura.org\/wp-content\/uploads\/2024\/01\/formacions-varietats-enxarxarnos-5-768x768.jpg 768w, https:\/\/www.connectanatura.org\/wp-content\/uploads\/2024\/01\/formacions-varietats-enxarxarnos-5-1536x1536.jpg 1536w, https:\/\/www.connectanatura.org\/wp-content\/uploads\/2024\/01\/formacions-varietats-enxarxarnos-5-36x36.jpg 36w, https:\/\/www.connectanatura.org\/wp-content\/uploads\/2024\/01\/formacions-varietats-enxarxarnos-5-180x180.jpg 180w, https:\/\/www.connectanatura.org\/wp-content\/uploads\/2024\/01\/formacions-varietats-enxarxarnos-5-1500x1500.jpg 1500w, https:\/\/www.connectanatura.org\/wp-content\/uploads\/2024\/01\/formacions-varietats-enxarxarnos-5-705x705.jpg 705w, https:\/\/www.connectanatura.org\/wp-content\/uploads\/2024\/01\/formacions-varietats-enxarxarnos-5.jpg 1905w\" sizes=\"(max-width: 1030px) 100vw, 1030px\" \/><\/figure>\r\n<\/li>\r\n<li class=\"blocks-gallery-item\">\r\n<figure><img loading=\"lazy\" decoding=\"async\" width=\"1030\" height=\"1030\" class=\"wp-image-1177\" src=\"https:\/\/www.connectanatura.org\/wp-content\/uploads\/2024\/01\/formacions-varietats-enxarxarnos-6-1030x1030.jpg\" alt=\"\" data-id=\"1177\" data-full-url=\"https:\/\/www.connectanatura.org\/wp-content\/uploads\/2024\/01\/formacions-varietats-enxarxarnos-6-scaled.jpg\" data-link=\"https:\/\/www.connectanatura.org\/varietats-tradicionals-per-a-enxarxar-nos\/formacions-varietats-enxarxarnos-6\/\" srcset=\"https:\/\/www.connectanatura.org\/wp-content\/uploads\/2024\/01\/formacions-varietats-enxarxarnos-6-1030x1030.jpg 1030w, https:\/\/www.connectanatura.org\/wp-content\/uploads\/2024\/01\/formacions-varietats-enxarxarnos-6-300x300.jpg 300w, https:\/\/www.connectanatura.org\/wp-content\/uploads\/2024\/01\/formacions-varietats-enxarxarnos-6-80x80.jpg 80w, https:\/\/www.connectanatura.org\/wp-content\/uploads\/2024\/01\/formacions-varietats-enxarxarnos-6-768x768.jpg 768w, https:\/\/www.connectanatura.org\/wp-content\/uploads\/2024\/01\/formacions-varietats-enxarxarnos-6-1536x1536.jpg 1536w, https:\/\/www.connectanatura.org\/wp-content\/uploads\/2024\/01\/formacions-varietats-enxarxarnos-6-2048x2048.jpg 2048w, https:\/\/www.connectanatura.org\/wp-content\/uploads\/2024\/01\/formacions-varietats-enxarxarnos-6-36x36.jpg 36w, https:\/\/www.connectanatura.org\/wp-content\/uploads\/2024\/01\/formacions-varietats-enxarxarnos-6-180x180.jpg 180w, https:\/\/www.connectanatura.org\/wp-content\/uploads\/2024\/01\/formacions-varietats-enxarxarnos-6-1500x1500.jpg 1500w, https:\/\/www.connectanatura.org\/wp-content\/uploads\/2024\/01\/formacions-varietats-enxarxarnos-6-705x705.jpg 705w\" sizes=\"(max-width: 1030px) 100vw, 1030px\" \/><\/figure>\r\n<\/li>\r\n<\/ul>\r\n<\/figure>\r\n\r\n\r\n\r\n<p>Aquestes dues primeres formacions les ha realitzat l\u2019Argila (https:\/\/www.largila.com\/), col\u00b7lectiu que treballa en la facilitaci\u00f3 de grups, la formaci\u00f3 i l\u2019acompanyament individual des d&#8217;una mirada feminista interseccional, mitjan\u00e7ant el ventall metodol\u00f2gic i t\u00e8cnic propi de la Facilitaci\u00f3 de Grups i tamb\u00e9 de Treball de Processos. Aquestes formacions van tenir lloc a Eslida, per aquest motiu volem agra\u00efr el suport de l\u2019Ajuntament d\u2019Eslida.<\/p>\r\n\r\n\r\n\r\n<p>Les dues formacions en metodologies per a la recuperaci\u00f3 i conservaci\u00f3 participativa i en xarxa de varietats tradicionals de cultiu les hem realitzat des de Connecta Natura i van estar centrades en donar a con\u00e9ixer a persones vinculades amb la Xarxa informaci\u00f3 per tal de recuperar varietats tradicionals. En aquest cas les formacions es van fer a Borriol i tamb\u00e9 a Cabanes, motiu pel qual agra\u00efm a l\u2019Ajuntament de Borriol i l\u2019Ajuntament de Cabanes la cessi\u00f3 de l\u2019espai.\u00a0<\/p>\r\n\r\n\r\n\r\n<p>&nbsp;<\/p>\r\n\r\n\r\n\r\n<p><strong>Trobades<\/strong><\/p>\r\n\r\n\r\n\r\n<p>A m\u00e9s a m\u00e9s, es van impulsar diverses trobades per tal d\u2019enfortir-nos:\u00a0<\/p>\r\n\r\n\r\n\r\n<p>Amb la idea de promoure un intercanvi de metodologies participatives i exemples de treball en xarxa per a la recuperaci\u00f3 i conservaci\u00f3 de la biodiversitat cultivada i els coneixements tradicionals associats, es va impulsar una <strong>trobada amb altres entitats de refer\u00e8ncia de l\u2019estat Espanyol<\/strong>. Amb aix\u00f2, van vindre persones que impulsen les seg\u00fcents iniciatives: Eixarcolant, Red de semillas de Arag\u00f3n, Red murciana de semillas, Red de semillas de Euskadi i l\u2019Associaci\u00f3 Llavors d&#8217;Ac\u00ed.<\/p>\r\n\r\n\r\n\r\n<figure class=\"wp-block-gallery columns-3 is-cropped wp-block-gallery-4 is-layout-flex wp-block-gallery-is-layout-flex\">\r\n<ul class=\"blocks-gallery-grid\">\r\n<li class=\"blocks-gallery-item\">\r\n<figure><img loading=\"lazy\" decoding=\"async\" width=\"1030\" height=\"682\" class=\"wp-image-1178\" src=\"https:\/\/www.connectanatura.org\/wp-content\/uploads\/2024\/01\/trobada-entitats-estatal-1-1030x682.jpg\" alt=\"\" data-id=\"1178\" data-full-url=\"https:\/\/www.connectanatura.org\/wp-content\/uploads\/2024\/01\/trobada-entitats-estatal-1-scaled.jpg\" data-link=\"https:\/\/www.connectanatura.org\/varietats-tradicionals-per-a-enxarxar-nos\/trobada-entitats-estatal-1\/\" srcset=\"https:\/\/www.connectanatura.org\/wp-content\/uploads\/2024\/01\/trobada-entitats-estatal-1-1030x682.jpg 1030w, https:\/\/www.connectanatura.org\/wp-content\/uploads\/2024\/01\/trobada-entitats-estatal-1-300x199.jpg 300w, https:\/\/www.connectanatura.org\/wp-content\/uploads\/2024\/01\/trobada-entitats-estatal-1-768x509.jpg 768w, https:\/\/www.connectanatura.org\/wp-content\/uploads\/2024\/01\/trobada-entitats-estatal-1-1536x1017.jpg 1536w, https:\/\/www.connectanatura.org\/wp-content\/uploads\/2024\/01\/trobada-entitats-estatal-1-2048x1356.jpg 2048w, https:\/\/www.connectanatura.org\/wp-content\/uploads\/2024\/01\/trobada-entitats-estatal-1-1500x994.jpg 1500w, https:\/\/www.connectanatura.org\/wp-content\/uploads\/2024\/01\/trobada-entitats-estatal-1-705x467.jpg 705w\" sizes=\"(max-width: 1030px) 100vw, 1030px\" \/><\/figure>\r\n<\/li>\r\n<li class=\"blocks-gallery-item\">\r\n<figure><img loading=\"lazy\" decoding=\"async\" width=\"1030\" height=\"682\" class=\"wp-image-1179\" src=\"https:\/\/www.connectanatura.org\/wp-content\/uploads\/2024\/01\/trobada-entitats-estatal-2-1030x682.jpg\" alt=\"\" data-id=\"1179\" data-full-url=\"https:\/\/www.connectanatura.org\/wp-content\/uploads\/2024\/01\/trobada-entitats-estatal-2-scaled.jpg\" data-link=\"https:\/\/www.connectanatura.org\/varietats-tradicionals-per-a-enxarxar-nos\/trobada-entitats-estatal-2\/\" srcset=\"https:\/\/www.connectanatura.org\/wp-content\/uploads\/2024\/01\/trobada-entitats-estatal-2-1030x682.jpg 1030w, https:\/\/www.connectanatura.org\/wp-content\/uploads\/2024\/01\/trobada-entitats-estatal-2-300x199.jpg 300w, https:\/\/www.connectanatura.org\/wp-content\/uploads\/2024\/01\/trobada-entitats-estatal-2-768x509.jpg 768w, https:\/\/www.connectanatura.org\/wp-content\/uploads\/2024\/01\/trobada-entitats-estatal-2-1536x1017.jpg 1536w, https:\/\/www.connectanatura.org\/wp-content\/uploads\/2024\/01\/trobada-entitats-estatal-2-2048x1357.jpg 2048w, https:\/\/www.connectanatura.org\/wp-content\/uploads\/2024\/01\/trobada-entitats-estatal-2-1500x994.jpg 1500w, https:\/\/www.connectanatura.org\/wp-content\/uploads\/2024\/01\/trobada-entitats-estatal-2-705x467.jpg 705w\" sizes=\"(max-width: 1030px) 100vw, 1030px\" \/><\/figure>\r\n<\/li>\r\n<li class=\"blocks-gallery-item\">\r\n<figure><img loading=\"lazy\" decoding=\"async\" width=\"1030\" height=\"682\" class=\"wp-image-1180\" src=\"https:\/\/www.connectanatura.org\/wp-content\/uploads\/2024\/01\/trobada-entitats-estatal-3-1030x682.jpg\" alt=\"\" data-id=\"1180\" data-full-url=\"https:\/\/www.connectanatura.org\/wp-content\/uploads\/2024\/01\/trobada-entitats-estatal-3-scaled.jpg\" data-link=\"https:\/\/www.connectanatura.org\/varietats-tradicionals-per-a-enxarxar-nos\/trobada-entitats-estatal-3\/\" srcset=\"https:\/\/www.connectanatura.org\/wp-content\/uploads\/2024\/01\/trobada-entitats-estatal-3-1030x682.jpg 1030w, https:\/\/www.connectanatura.org\/wp-content\/uploads\/2024\/01\/trobada-entitats-estatal-3-300x199.jpg 300w, https:\/\/www.connectanatura.org\/wp-content\/uploads\/2024\/01\/trobada-entitats-estatal-3-768x509.jpg 768w, https:\/\/www.connectanatura.org\/wp-content\/uploads\/2024\/01\/trobada-entitats-estatal-3-1536x1017.jpg 1536w, https:\/\/www.connectanatura.org\/wp-content\/uploads\/2024\/01\/trobada-entitats-estatal-3-2048x1356.jpg 2048w, https:\/\/www.connectanatura.org\/wp-content\/uploads\/2024\/01\/trobada-entitats-estatal-3-1500x994.jpg 1500w, https:\/\/www.connectanatura.org\/wp-content\/uploads\/2024\/01\/trobada-entitats-estatal-3-705x467.jpg 705w\" sizes=\"(max-width: 1030px) 100vw, 1030px\" \/><\/figure>\r\n<\/li>\r\n<li class=\"blocks-gallery-item\">\r\n<figure><img loading=\"lazy\" decoding=\"async\" width=\"1030\" height=\"682\" class=\"wp-image-1181\" src=\"https:\/\/www.connectanatura.org\/wp-content\/uploads\/2024\/01\/trobada-entitats-estatal-4-1030x682.jpg\" alt=\"\" data-id=\"1181\" data-full-url=\"https:\/\/www.connectanatura.org\/wp-content\/uploads\/2024\/01\/trobada-entitats-estatal-4-scaled.jpg\" data-link=\"https:\/\/www.connectanatura.org\/varietats-tradicionals-per-a-enxarxar-nos\/trobada-entitats-estatal-4\/\" srcset=\"https:\/\/www.connectanatura.org\/wp-content\/uploads\/2024\/01\/trobada-entitats-estatal-4-1030x682.jpg 1030w, https:\/\/www.connectanatura.org\/wp-content\/uploads\/2024\/01\/trobada-entitats-estatal-4-300x199.jpg 300w, https:\/\/www.connectanatura.org\/wp-content\/uploads\/2024\/01\/trobada-entitats-estatal-4-768x509.jpg 768w, https:\/\/www.connectanatura.org\/wp-content\/uploads\/2024\/01\/trobada-entitats-estatal-4-1536x1017.jpg 1536w, https:\/\/www.connectanatura.org\/wp-content\/uploads\/2024\/01\/trobada-entitats-estatal-4-2048x1356.jpg 2048w, https:\/\/www.connectanatura.org\/wp-content\/uploads\/2024\/01\/trobada-entitats-estatal-4-1500x993.jpg 1500w, https:\/\/www.connectanatura.org\/wp-content\/uploads\/2024\/01\/trobada-entitats-estatal-4-705x467.jpg 705w\" sizes=\"(max-width: 1030px) 100vw, 1030px\" \/><\/figure>\r\n<\/li>\r\n<li class=\"blocks-gallery-item\">\r\n<figure><img loading=\"lazy\" decoding=\"async\" width=\"1030\" height=\"682\" class=\"wp-image-1184\" src=\"https:\/\/www.connectanatura.org\/wp-content\/uploads\/2024\/01\/trobada-entitats-estatal-5-1030x682.jpg\" alt=\"\" data-id=\"1184\" data-full-url=\"https:\/\/www.connectanatura.org\/wp-content\/uploads\/2024\/01\/trobada-entitats-estatal-5-scaled.jpg\" data-link=\"https:\/\/www.connectanatura.org\/varietats-tradicionals-per-a-enxarxar-nos\/trobada-entitats-estatal-5\/\" srcset=\"https:\/\/www.connectanatura.org\/wp-content\/uploads\/2024\/01\/trobada-entitats-estatal-5-1030x682.jpg 1030w, https:\/\/www.connectanatura.org\/wp-content\/uploads\/2024\/01\/trobada-entitats-estatal-5-300x199.jpg 300w, https:\/\/www.connectanatura.org\/wp-content\/uploads\/2024\/01\/trobada-entitats-estatal-5-768x509.jpg 768w, https:\/\/www.connectanatura.org\/wp-content\/uploads\/2024\/01\/trobada-entitats-estatal-5-1536x1017.jpg 1536w, https:\/\/www.connectanatura.org\/wp-content\/uploads\/2024\/01\/trobada-entitats-estatal-5-2048x1356.jpg 2048w, https:\/\/www.connectanatura.org\/wp-content\/uploads\/2024\/01\/trobada-entitats-estatal-5-1500x993.jpg 1500w, https:\/\/www.connectanatura.org\/wp-content\/uploads\/2024\/01\/trobada-entitats-estatal-5-705x467.jpg 705w\" sizes=\"(max-width: 1030px) 100vw, 1030px\" \/><\/figure>\r\n<\/li>\r\n<li class=\"blocks-gallery-item\">\r\n<figure><img loading=\"lazy\" decoding=\"async\" width=\"1030\" height=\"682\" class=\"wp-image-1185\" src=\"https:\/\/www.connectanatura.org\/wp-content\/uploads\/2024\/01\/trobada-entitats-estatal-6-1030x682.jpg\" alt=\"\" data-id=\"1185\" data-full-url=\"https:\/\/www.connectanatura.org\/wp-content\/uploads\/2024\/01\/trobada-entitats-estatal-6-scaled.jpg\" data-link=\"https:\/\/www.connectanatura.org\/varietats-tradicionals-per-a-enxarxar-nos\/trobada-entitats-estatal-6\/\" srcset=\"https:\/\/www.connectanatura.org\/wp-content\/uploads\/2024\/01\/trobada-entitats-estatal-6-1030x682.jpg 1030w, https:\/\/www.connectanatura.org\/wp-content\/uploads\/2024\/01\/trobada-entitats-estatal-6-300x199.jpg 300w, https:\/\/www.connectanatura.org\/wp-content\/uploads\/2024\/01\/trobada-entitats-estatal-6-768x509.jpg 768w, https:\/\/www.connectanatura.org\/wp-content\/uploads\/2024\/01\/trobada-entitats-estatal-6-1536x1017.jpg 1536w, https:\/\/www.connectanatura.org\/wp-content\/uploads\/2024\/01\/trobada-entitats-estatal-6-2048x1356.jpg 2048w, https:\/\/www.connectanatura.org\/wp-content\/uploads\/2024\/01\/trobada-entitats-estatal-6-1500x993.jpg 1500w, https:\/\/www.connectanatura.org\/wp-content\/uploads\/2024\/01\/trobada-entitats-estatal-6-705x467.jpg 705w\" sizes=\"(max-width: 1030px) 100vw, 1030px\" \/><\/figure>\r\n<\/li>\r\n<li class=\"blocks-gallery-item\">\r\n<figure><img loading=\"lazy\" decoding=\"async\" width=\"1030\" height=\"682\" class=\"wp-image-1186\" src=\"https:\/\/www.connectanatura.org\/wp-content\/uploads\/2024\/01\/trobada-entitats-estatal-7-1030x682.jpg\" alt=\"\" data-id=\"1186\" data-full-url=\"https:\/\/www.connectanatura.org\/wp-content\/uploads\/2024\/01\/trobada-entitats-estatal-7-scaled.jpg\" data-link=\"https:\/\/www.connectanatura.org\/varietats-tradicionals-per-a-enxarxar-nos\/trobada-entitats-estatal-7\/\" srcset=\"https:\/\/www.connectanatura.org\/wp-content\/uploads\/2024\/01\/trobada-entitats-estatal-7-1030x682.jpg 1030w, https:\/\/www.connectanatura.org\/wp-content\/uploads\/2024\/01\/trobada-entitats-estatal-7-300x199.jpg 300w, https:\/\/www.connectanatura.org\/wp-content\/uploads\/2024\/01\/trobada-entitats-estatal-7-768x509.jpg 768w, https:\/\/www.connectanatura.org\/wp-content\/uploads\/2024\/01\/trobada-entitats-estatal-7-1536x1017.jpg 1536w, https:\/\/www.connectanatura.org\/wp-content\/uploads\/2024\/01\/trobada-entitats-estatal-7-2048x1356.jpg 2048w, https:\/\/www.connectanatura.org\/wp-content\/uploads\/2024\/01\/trobada-entitats-estatal-7-1500x993.jpg 1500w, https:\/\/www.connectanatura.org\/wp-content\/uploads\/2024\/01\/trobada-entitats-estatal-7-705x467.jpg 705w\" sizes=\"(max-width: 1030px) 100vw, 1030px\" \/><\/figure>\r\n<\/li>\r\n<li class=\"blocks-gallery-item\">\r\n<figure><img loading=\"lazy\" decoding=\"async\" width=\"1030\" height=\"682\" class=\"wp-image-1187\" src=\"https:\/\/www.connectanatura.org\/wp-content\/uploads\/2024\/01\/trobada-entitats-estatal-8-1030x682.jpg\" alt=\"\" data-id=\"1187\" data-full-url=\"https:\/\/www.connectanatura.org\/wp-content\/uploads\/2024\/01\/trobada-entitats-estatal-8-scaled.jpg\" data-link=\"https:\/\/www.connectanatura.org\/varietats-tradicionals-per-a-enxarxar-nos\/trobada-entitats-estatal-8\/\" srcset=\"https:\/\/www.connectanatura.org\/wp-content\/uploads\/2024\/01\/trobada-entitats-estatal-8-1030x682.jpg 1030w, https:\/\/www.connectanatura.org\/wp-content\/uploads\/2024\/01\/trobada-entitats-estatal-8-300x199.jpg 300w, https:\/\/www.connectanatura.org\/wp-content\/uploads\/2024\/01\/trobada-entitats-estatal-8-768x509.jpg 768w, https:\/\/www.connectanatura.org\/wp-content\/uploads\/2024\/01\/trobada-entitats-estatal-8-1536x1017.jpg 1536w, https:\/\/www.connectanatura.org\/wp-content\/uploads\/2024\/01\/trobada-entitats-estatal-8-2048x1356.jpg 2048w, https:\/\/www.connectanatura.org\/wp-content\/uploads\/2024\/01\/trobada-entitats-estatal-8-1500x993.jpg 1500w, https:\/\/www.connectanatura.org\/wp-content\/uploads\/2024\/01\/trobada-entitats-estatal-8-705x467.jpg 705w\" sizes=\"(max-width: 1030px) 100vw, 1030px\" \/><\/figure>\r\n<\/li>\r\n<li class=\"blocks-gallery-item\">\r\n<figure><img loading=\"lazy\" decoding=\"async\" width=\"1030\" height=\"682\" class=\"wp-image-1188\" src=\"https:\/\/www.connectanatura.org\/wp-content\/uploads\/2024\/01\/trobada-entitats-estatal-9-1030x682.jpg\" alt=\"\" data-id=\"1188\" data-full-url=\"https:\/\/www.connectanatura.org\/wp-content\/uploads\/2024\/01\/trobada-entitats-estatal-9-scaled.jpg\" data-link=\"https:\/\/www.connectanatura.org\/varietats-tradicionals-per-a-enxarxar-nos\/trobada-entitats-estatal-9\/\" srcset=\"https:\/\/www.connectanatura.org\/wp-content\/uploads\/2024\/01\/trobada-entitats-estatal-9-1030x682.jpg 1030w, https:\/\/www.connectanatura.org\/wp-content\/uploads\/2024\/01\/trobada-entitats-estatal-9-300x199.jpg 300w, https:\/\/www.connectanatura.org\/wp-content\/uploads\/2024\/01\/trobada-entitats-estatal-9-768x509.jpg 768w, https:\/\/www.connectanatura.org\/wp-content\/uploads\/2024\/01\/trobada-entitats-estatal-9-1536x1017.jpg 1536w, https:\/\/www.connectanatura.org\/wp-content\/uploads\/2024\/01\/trobada-entitats-estatal-9-2048x1357.jpg 2048w, https:\/\/www.connectanatura.org\/wp-content\/uploads\/2024\/01\/trobada-entitats-estatal-9-1500x994.jpg 1500w, https:\/\/www.connectanatura.org\/wp-content\/uploads\/2024\/01\/trobada-entitats-estatal-9-705x467.jpg 705w\" sizes=\"(max-width: 1030px) 100vw, 1030px\" \/><\/figure>\r\n<\/li>\r\n<\/ul>\r\n<\/figure>\r\n\r\n\r\n\r\n<p>Aquesta trobada va tenir lloc a La Surera, (Almed\u00edjar), i es va dedicar a compartir i aprendre amb altres entitats de refer\u00e8ncia de l\u2019Estat Espanyol. Durant aquesta jornada es va facilitar un espai de debat i f\u00f2rum on cada entitat va exposar les seues motivacions, dificultats i aprenentatges. A m\u00e9s a m\u00e9s, la jornada va incloure moments de debat i reflexi\u00f3 per aprofundir en les exposicions realitzades i les metodologies exposades. En conclusi\u00f3, aquesta jornada va esdevenir un punt de trobada de voluntats compartides i d\u2019intercanvi de coneixements entre entitats que treballen a diferents \u00e0rees del nostre estat.<\/p>\r\n\r\n\r\n\r\n<p>Seguint aquesta l\u00ednia, vam col\u00b7laborar en l\u2019organitzaci\u00f3 de la <strong>4a Trobada de la Xarxa de Guardianes de Varietats i Coneixements Tradicionals<\/strong>. Aquesta trobada es va fer amb l\u2019objectiu de fomentar la conviv\u00e8ncia i f\u00f2rum de les integrants de la xarxa, per tal de generar espais de reflexi\u00f3, debat i elaboraci\u00f3 de propostes de consens. En aquest cas va ser Alboc\u00e0sser qui ens va acollir, motiu pel qual estem molt agra\u00efdes amb l\u2019Ajuntament d\u2019Alboc\u00e0sser i l\u2019Associaci\u00f3 l\u2019Assegador.\u00a0<\/p>\r\n\r\n\r\n\r\n<figure class=\"wp-block-gallery columns-3 is-cropped wp-block-gallery-5 is-layout-flex wp-block-gallery-is-layout-flex\">\r\n<ul class=\"blocks-gallery-grid\">\r\n<li class=\"blocks-gallery-item\">\r\n<figure><img loading=\"lazy\" decoding=\"async\" width=\"1030\" height=\"687\" class=\"wp-image-1211\" src=\"https:\/\/www.connectanatura.org\/wp-content\/uploads\/2024\/01\/4a-trobada-xarxa-02-1-1030x687.jpg\" alt=\"\" data-id=\"1211\" data-full-url=\"https:\/\/www.connectanatura.org\/wp-content\/uploads\/2024\/01\/4a-trobada-xarxa-02-1-scaled.jpg\" data-link=\"https:\/\/www.connectanatura.org\/varietats-tradicionals-per-a-enxarxar-nos\/4a-trobada-xarxa-02-1\/\" srcset=\"https:\/\/www.connectanatura.org\/wp-content\/uploads\/2024\/01\/4a-trobada-xarxa-02-1-1030x687.jpg 1030w, https:\/\/www.connectanatura.org\/wp-content\/uploads\/2024\/01\/4a-trobada-xarxa-02-1-300x200.jpg 300w, https:\/\/www.connectanatura.org\/wp-content\/uploads\/2024\/01\/4a-trobada-xarxa-02-1-768x512.jpg 768w, https:\/\/www.connectanatura.org\/wp-content\/uploads\/2024\/01\/4a-trobada-xarxa-02-1-1536x1024.jpg 1536w, https:\/\/www.connectanatura.org\/wp-content\/uploads\/2024\/01\/4a-trobada-xarxa-02-1-2048x1365.jpg 2048w, https:\/\/www.connectanatura.org\/wp-content\/uploads\/2024\/01\/4a-trobada-xarxa-02-1-1500x1000.jpg 1500w, https:\/\/www.connectanatura.org\/wp-content\/uploads\/2024\/01\/4a-trobada-xarxa-02-1-705x470.jpg 705w\" sizes=\"(max-width: 1030px) 100vw, 1030px\" \/><\/figure>\r\n<\/li>\r\n<li class=\"blocks-gallery-item\">\r\n<figure><img loading=\"lazy\" decoding=\"async\" width=\"1030\" height=\"687\" class=\"wp-image-1213\" src=\"https:\/\/www.connectanatura.org\/wp-content\/uploads\/2024\/01\/4a-trobada-xarxa-03-1030x687.jpg\" alt=\"\" data-id=\"1213\" data-full-url=\"https:\/\/www.connectanatura.org\/wp-content\/uploads\/2024\/01\/4a-trobada-xarxa-03-scaled.jpg\" data-link=\"https:\/\/www.connectanatura.org\/varietats-tradicionals-per-a-enxarxar-nos\/4a-trobada-xarxa-03\/\" srcset=\"https:\/\/www.connectanatura.org\/wp-content\/uploads\/2024\/01\/4a-trobada-xarxa-03-1030x687.jpg 1030w, https:\/\/www.connectanatura.org\/wp-content\/uploads\/2024\/01\/4a-trobada-xarxa-03-300x200.jpg 300w, https:\/\/www.connectanatura.org\/wp-content\/uploads\/2024\/01\/4a-trobada-xarxa-03-768x512.jpg 768w, https:\/\/www.connectanatura.org\/wp-content\/uploads\/2024\/01\/4a-trobada-xarxa-03-1536x1024.jpg 1536w, https:\/\/www.connectanatura.org\/wp-content\/uploads\/2024\/01\/4a-trobada-xarxa-03-2048x1365.jpg 2048w, https:\/\/www.connectanatura.org\/wp-content\/uploads\/2024\/01\/4a-trobada-xarxa-03-1500x1000.jpg 1500w, https:\/\/www.connectanatura.org\/wp-content\/uploads\/2024\/01\/4a-trobada-xarxa-03-705x470.jpg 705w\" sizes=\"(max-width: 1030px) 100vw, 1030px\" \/><\/figure>\r\n<\/li>\r\n<li class=\"blocks-gallery-item\">\r\n<figure><img loading=\"lazy\" decoding=\"async\" width=\"1030\" height=\"687\" class=\"wp-image-1214\" src=\"https:\/\/www.connectanatura.org\/wp-content\/uploads\/2024\/01\/4a-trobada-xarxa-04-1030x687.jpg\" alt=\"\" data-id=\"1214\" data-full-url=\"https:\/\/www.connectanatura.org\/wp-content\/uploads\/2024\/01\/4a-trobada-xarxa-04-scaled.jpg\" data-link=\"https:\/\/www.connectanatura.org\/varietats-tradicionals-per-a-enxarxar-nos\/4a-trobada-xarxa-04\/\" srcset=\"https:\/\/www.connectanatura.org\/wp-content\/uploads\/2024\/01\/4a-trobada-xarxa-04-1030x687.jpg 1030w, https:\/\/www.connectanatura.org\/wp-content\/uploads\/2024\/01\/4a-trobada-xarxa-04-300x200.jpg 300w, https:\/\/www.connectanatura.org\/wp-content\/uploads\/2024\/01\/4a-trobada-xarxa-04-768x512.jpg 768w, https:\/\/www.connectanatura.org\/wp-content\/uploads\/2024\/01\/4a-trobada-xarxa-04-1536x1024.jpg 1536w, https:\/\/www.connectanatura.org\/wp-content\/uploads\/2024\/01\/4a-trobada-xarxa-04-2048x1365.jpg 2048w, https:\/\/www.connectanatura.org\/wp-content\/uploads\/2024\/01\/4a-trobada-xarxa-04-1500x1000.jpg 1500w, https:\/\/www.connectanatura.org\/wp-content\/uploads\/2024\/01\/4a-trobada-xarxa-04-705x470.jpg 705w\" sizes=\"(max-width: 1030px) 100vw, 1030px\" \/><\/figure>\r\n<\/li>\r\n<li class=\"blocks-gallery-item\">\r\n<figure><img loading=\"lazy\" decoding=\"async\" width=\"1030\" height=\"687\" class=\"wp-image-1215\" src=\"https:\/\/www.connectanatura.org\/wp-content\/uploads\/2024\/01\/4a-trobada-xarxa-05-1030x687.jpg\" alt=\"\" data-id=\"1215\" data-full-url=\"https:\/\/www.connectanatura.org\/wp-content\/uploads\/2024\/01\/4a-trobada-xarxa-05-scaled.jpg\" data-link=\"https:\/\/www.connectanatura.org\/varietats-tradicionals-per-a-enxarxar-nos\/4a-trobada-xarxa-05\/\" srcset=\"https:\/\/www.connectanatura.org\/wp-content\/uploads\/2024\/01\/4a-trobada-xarxa-05-1030x687.jpg 1030w, https:\/\/www.connectanatura.org\/wp-content\/uploads\/2024\/01\/4a-trobada-xarxa-05-300x200.jpg 300w, https:\/\/www.connectanatura.org\/wp-content\/uploads\/2024\/01\/4a-trobada-xarxa-05-768x512.jpg 768w, https:\/\/www.connectanatura.org\/wp-content\/uploads\/2024\/01\/4a-trobada-xarxa-05-1536x1024.jpg 1536w, https:\/\/www.connectanatura.org\/wp-content\/uploads\/2024\/01\/4a-trobada-xarxa-05-2048x1365.jpg 2048w, https:\/\/www.connectanatura.org\/wp-content\/uploads\/2024\/01\/4a-trobada-xarxa-05-1500x1000.jpg 1500w, https:\/\/www.connectanatura.org\/wp-content\/uploads\/2024\/01\/4a-trobada-xarxa-05-705x470.jpg 705w\" sizes=\"(max-width: 1030px) 100vw, 1030px\" \/><\/figure>\r\n<\/li>\r\n<li class=\"blocks-gallery-item\">\r\n<figure><img loading=\"lazy\" decoding=\"async\" width=\"1030\" height=\"687\" class=\"wp-image-1216\" src=\"https:\/\/www.connectanatura.org\/wp-content\/uploads\/2024\/01\/4a-trobada-xarxa-06-1030x687.jpg\" alt=\"\" data-id=\"1216\" data-full-url=\"https:\/\/www.connectanatura.org\/wp-content\/uploads\/2024\/01\/4a-trobada-xarxa-06-scaled.jpg\" data-link=\"https:\/\/www.connectanatura.org\/varietats-tradicionals-per-a-enxarxar-nos\/4a-trobada-xarxa-06\/\" srcset=\"https:\/\/www.connectanatura.org\/wp-content\/uploads\/2024\/01\/4a-trobada-xarxa-06-1030x687.jpg 1030w, https:\/\/www.connectanatura.org\/wp-content\/uploads\/2024\/01\/4a-trobada-xarxa-06-300x200.jpg 300w, https:\/\/www.connectanatura.org\/wp-content\/uploads\/2024\/01\/4a-trobada-xarxa-06-768x512.jpg 768w, https:\/\/www.connectanatura.org\/wp-content\/uploads\/2024\/01\/4a-trobada-xarxa-06-1536x1024.jpg 1536w, https:\/\/www.connectanatura.org\/wp-content\/uploads\/2024\/01\/4a-trobada-xarxa-06-2048x1365.jpg 2048w, https:\/\/www.connectanatura.org\/wp-content\/uploads\/2024\/01\/4a-trobada-xarxa-06-1500x1000.jpg 1500w, https:\/\/www.connectanatura.org\/wp-content\/uploads\/2024\/01\/4a-trobada-xarxa-06-705x470.jpg 705w\" sizes=\"(max-width: 1030px) 100vw, 1030px\" \/><\/figure>\r\n<\/li>\r\n<li class=\"blocks-gallery-item\">\r\n<figure><img loading=\"lazy\" decoding=\"async\" width=\"1030\" height=\"687\" class=\"wp-image-1217\" src=\"https:\/\/www.connectanatura.org\/wp-content\/uploads\/2024\/01\/4a-trobada-xarxa-07-1030x687.jpg\" alt=\"\" data-id=\"1217\" data-full-url=\"https:\/\/www.connectanatura.org\/wp-content\/uploads\/2024\/01\/4a-trobada-xarxa-07-scaled.jpg\" data-link=\"https:\/\/www.connectanatura.org\/varietats-tradicionals-per-a-enxarxar-nos\/4a-trobada-xarxa-07\/\" srcset=\"https:\/\/www.connectanatura.org\/wp-content\/uploads\/2024\/01\/4a-trobada-xarxa-07-1030x687.jpg 1030w, https:\/\/www.connectanatura.org\/wp-content\/uploads\/2024\/01\/4a-trobada-xarxa-07-300x200.jpg 300w, https:\/\/www.connectanatura.org\/wp-content\/uploads\/2024\/01\/4a-trobada-xarxa-07-768x512.jpg 768w, https:\/\/www.connectanatura.org\/wp-content\/uploads\/2024\/01\/4a-trobada-xarxa-07-1536x1024.jpg 1536w, https:\/\/www.connectanatura.org\/wp-content\/uploads\/2024\/01\/4a-trobada-xarxa-07-2048x1365.jpg 2048w, https:\/\/www.connectanatura.org\/wp-content\/uploads\/2024\/01\/4a-trobada-xarxa-07-1500x1000.jpg 1500w, https:\/\/www.connectanatura.org\/wp-content\/uploads\/2024\/01\/4a-trobada-xarxa-07-705x470.jpg 705w\" sizes=\"(max-width: 1030px) 100vw, 1030px\" \/><\/figure>\r\n<\/li>\r\n<li class=\"blocks-gallery-item\">\r\n<figure><img loading=\"lazy\" decoding=\"async\" width=\"1030\" height=\"687\" class=\"wp-image-1218\" src=\"https:\/\/www.connectanatura.org\/wp-content\/uploads\/2024\/01\/4a-trobada-xarxa-08-1030x687.jpg\" alt=\"\" data-id=\"1218\" data-full-url=\"https:\/\/www.connectanatura.org\/wp-content\/uploads\/2024\/01\/4a-trobada-xarxa-08-scaled.jpg\" data-link=\"https:\/\/www.connectanatura.org\/varietats-tradicionals-per-a-enxarxar-nos\/4a-trobada-xarxa-08\/\" srcset=\"https:\/\/www.connectanatura.org\/wp-content\/uploads\/2024\/01\/4a-trobada-xarxa-08-1030x687.jpg 1030w, https:\/\/www.connectanatura.org\/wp-content\/uploads\/2024\/01\/4a-trobada-xarxa-08-300x200.jpg 300w, https:\/\/www.connectanatura.org\/wp-content\/uploads\/2024\/01\/4a-trobada-xarxa-08-768x512.jpg 768w, https:\/\/www.connectanatura.org\/wp-content\/uploads\/2024\/01\/4a-trobada-xarxa-08-1536x1024.jpg 1536w, https:\/\/www.connectanatura.org\/wp-content\/uploads\/2024\/01\/4a-trobada-xarxa-08-2048x1365.jpg 2048w, https:\/\/www.connectanatura.org\/wp-content\/uploads\/2024\/01\/4a-trobada-xarxa-08-1500x1000.jpg 1500w, https:\/\/www.connectanatura.org\/wp-content\/uploads\/2024\/01\/4a-trobada-xarxa-08-705x470.jpg 705w\" sizes=\"(max-width: 1030px) 100vw, 1030px\" \/><\/figure>\r\n<\/li>\r\n<li class=\"blocks-gallery-item\">\r\n<figure><img loading=\"lazy\" decoding=\"async\" width=\"1030\" height=\"687\" class=\"wp-image-1219\" src=\"https:\/\/www.connectanatura.org\/wp-content\/uploads\/2024\/01\/4a-trobada-xarxa-09-1030x687.jpg\" alt=\"\" data-id=\"1219\" data-full-url=\"https:\/\/www.connectanatura.org\/wp-content\/uploads\/2024\/01\/4a-trobada-xarxa-09-scaled.jpg\" data-link=\"https:\/\/www.connectanatura.org\/varietats-tradicionals-per-a-enxarxar-nos\/4a-trobada-xarxa-09\/\" srcset=\"https:\/\/www.connectanatura.org\/wp-content\/uploads\/2024\/01\/4a-trobada-xarxa-09-1030x687.jpg 1030w, https:\/\/www.connectanatura.org\/wp-content\/uploads\/2024\/01\/4a-trobada-xarxa-09-300x200.jpg 300w, https:\/\/www.connectanatura.org\/wp-content\/uploads\/2024\/01\/4a-trobada-xarxa-09-768x512.jpg 768w, https:\/\/www.connectanatura.org\/wp-content\/uploads\/2024\/01\/4a-trobada-xarxa-09-1536x1024.jpg 1536w, https:\/\/www.connectanatura.org\/wp-content\/uploads\/2024\/01\/4a-trobada-xarxa-09-2048x1365.jpg 2048w, https:\/\/www.connectanatura.org\/wp-content\/uploads\/2024\/01\/4a-trobada-xarxa-09-1500x1000.jpg 1500w, https:\/\/www.connectanatura.org\/wp-content\/uploads\/2024\/01\/4a-trobada-xarxa-09-705x470.jpg 705w\" sizes=\"(max-width: 1030px) 100vw, 1030px\" \/><\/figure>\r\n<\/li>\r\n<li class=\"blocks-gallery-item\">\r\n<figure><img loading=\"lazy\" decoding=\"async\" width=\"1030\" height=\"687\" class=\"wp-image-1220\" src=\"https:\/\/www.connectanatura.org\/wp-content\/uploads\/2024\/01\/4a-trobada-xarxa-10-1030x687.jpg\" alt=\"\" data-id=\"1220\" data-full-url=\"https:\/\/www.connectanatura.org\/wp-content\/uploads\/2024\/01\/4a-trobada-xarxa-10-scaled.jpg\" data-link=\"https:\/\/www.connectanatura.org\/varietats-tradicionals-per-a-enxarxar-nos\/4a-trobada-xarxa-10\/\" srcset=\"https:\/\/www.connectanatura.org\/wp-content\/uploads\/2024\/01\/4a-trobada-xarxa-10-1030x687.jpg 1030w, https:\/\/www.connectanatura.org\/wp-content\/uploads\/2024\/01\/4a-trobada-xarxa-10-300x200.jpg 300w, https:\/\/www.connectanatura.org\/wp-content\/uploads\/2024\/01\/4a-trobada-xarxa-10-768x512.jpg 768w, https:\/\/www.connectanatura.org\/wp-content\/uploads\/2024\/01\/4a-trobada-xarxa-10-1536x1024.jpg 1536w, https:\/\/www.connectanatura.org\/wp-content\/uploads\/2024\/01\/4a-trobada-xarxa-10-2048x1365.jpg 2048w, https:\/\/www.connectanatura.org\/wp-content\/uploads\/2024\/01\/4a-trobada-xarxa-10-1500x1000.jpg 1500w, https:\/\/www.connectanatura.org\/wp-content\/uploads\/2024\/01\/4a-trobada-xarxa-10-705x470.jpg 705w\" sizes=\"(max-width: 1030px) 100vw, 1030px\" \/><\/figure>\r\n<\/li>\r\n<\/ul>\r\n<\/figure>\r\n\r\n\r\n\r\n<p>Una vegada m\u00e9s, vam comptar amb la col\u00b7laboraci\u00f3 d\u2019Anna de l\u2019Argila per facilitar el grup i les din\u00e0miques, sempre posant especial atenci\u00f3 a la q\u00fcesti\u00f3 d\u2019inclusivitat i el foment de la participaci\u00f3 de dones i altres identitats dissidents.<\/p>\r\n\r\n\r\n\r\n<p><strong>Assemblea de s\u00f2cies i socis i treball en xarxa<\/strong><\/p>\r\n\r\n\r\n\r\n<p>D\u2019altra banda, a Connecta Natura tamb\u00e9 necessitem aturar-nos per fer un exercici de reflexi\u00f3 interna per plantejar com volem continuar cap al futur, pel que hem realitzat un proc\u00e9s participatiu per tal de promoure la participaci\u00f3 de les persones associades a Connecta Natura a trav\u00e9s de la co-creaci\u00f3 de l\u2019estrat\u00e8gia de l\u2019entitat per a 2024-2027. Aquest proc\u00e9s va finalitzar amb la realitzaci\u00f3 d\u2019una assemblea general de Connecta Natura, que va es realitzar a La Surera (Almedijar), on es van treballar els resultats obtinguts per a la creaci\u00f3 de l\u2019estrat\u00e8gia de l\u2019entitat.<\/p>\r\n\r\n\r\n\r\n<figure class=\"wp-block-gallery columns-2 is-cropped wp-block-gallery-6 is-layout-flex wp-block-gallery-is-layout-flex\">\r\n<ul class=\"blocks-gallery-grid\">\r\n<li class=\"blocks-gallery-item\">\r\n<figure><img loading=\"lazy\" decoding=\"async\" width=\"1030\" height=\"773\" class=\"wp-image-1182\" src=\"https:\/\/www.connectanatura.org\/wp-content\/uploads\/2024\/01\/Centro-para-el-conocimiento-del-paisaje-1030x773.jpg\" alt=\"\" data-id=\"1182\" data-link=\"https:\/\/www.connectanatura.org\/varietats-tradicionals-per-a-enxarxar-nos\/centro-para-el-conocimiento-del-paisaje\/\" srcset=\"https:\/\/www.connectanatura.org\/wp-content\/uploads\/2024\/01\/Centro-para-el-conocimiento-del-paisaje-1030x773.jpg 1030w, https:\/\/www.connectanatura.org\/wp-content\/uploads\/2024\/01\/Centro-para-el-conocimiento-del-paisaje-300x225.jpg 300w, https:\/\/www.connectanatura.org\/wp-content\/uploads\/2024\/01\/Centro-para-el-conocimiento-del-paisaje-768x576.jpg 768w, https:\/\/www.connectanatura.org\/wp-content\/uploads\/2024\/01\/Centro-para-el-conocimiento-del-paisaje-705x529.jpg 705w, https:\/\/www.connectanatura.org\/wp-content\/uploads\/2024\/01\/Centro-para-el-conocimiento-del-paisaje.jpg 1280w\" sizes=\"(max-width: 1030px) 100vw, 1030px\" \/><\/figure>\r\n<\/li>\r\n<li class=\"blocks-gallery-item\">\r\n<figure><img loading=\"lazy\" decoding=\"async\" width=\"595\" height=\"445\" class=\"wp-image-1183\" src=\"https:\/\/www.connectanatura.org\/wp-content\/uploads\/2024\/01\/Cooperativa-de-Burriana-1.jpg\" alt=\"\" data-id=\"1183\" data-full-url=\"https:\/\/www.connectanatura.org\/wp-content\/uploads\/2024\/01\/Cooperativa-de-Burriana-1.jpg\" data-link=\"https:\/\/www.connectanatura.org\/varietats-tradicionals-per-a-enxarxar-nos\/cooperativa-de-burriana-1\/\" srcset=\"https:\/\/www.connectanatura.org\/wp-content\/uploads\/2024\/01\/Cooperativa-de-Burriana-1.jpg 595w, https:\/\/www.connectanatura.org\/wp-content\/uploads\/2024\/01\/Cooperativa-de-Burriana-1-300x224.jpg 300w\" sizes=\"(max-width: 595px) 100vw, 595px\" \/><\/figure>\r\n<\/li>\r\n<\/ul>\r\n<\/figure>\r\n\r\n\r\n\r\n<p>A m\u00e9s a m\u00e9s, s\u2019han dut a terme reunions amb altres entitats del territori per tal d\u2019incrementar la cooperaci\u00f3 interasociativa i el treball en xarxa de l\u2019associaci\u00f3. Han sigut moltes les entitats del territori amb qui ens hem reunit, i hem compartit les nostres necessitats, dificultats en com\u00fa. Tamb\u00e9 en definit en quins aspectes podem incrementar la cooperaci\u00f3 i el treball en xarxa per generar un ecosistema cooperatiu enfortit i articulat per facilitar la creaci\u00f3 de projectes i la incid\u00e8ncia social de les entitats del territori en favor d\u2019un procom\u00fa. , Podeu veure algunes imatges amb les persones que impulsen el Centro para el Conocimiento del Paisaje i tamb\u00e9 la Cooperativa de Borriana.<\/p>\r\n\r\n\r\n\r\n<p><strong>Espai de conciliaci\u00f3 familiar<\/strong><\/p>\r\n\r\n\r\n\r\n<p>Per a nosaltres \u00e9s molt important que totes les persones interessades en les varietats tradicionals puguen gaudir de les activitats que organitzem. Per aquest motiu de manera paral\u00b7lela a les jornades, tallers i trobades s\u2019han organitzat espais d\u2019educaci\u00f3 ambiental per a infants i joves a c\u00e0rrec de persones especialitzades per garantir la major participaci\u00f3 de les persones adultes als seus respectius espais, la conciliaci\u00f3 i la coresponsabilitat.<\/p>\r\n\r\n\r\n\r\n<figure class=\"wp-block-gallery columns-2 is-cropped wp-block-gallery-7 is-layout-flex wp-block-gallery-is-layout-flex\">\r\n<ul class=\"blocks-gallery-grid\">\r\n<li class=\"blocks-gallery-item\">\r\n<figure><img loading=\"lazy\" decoding=\"async\" width=\"1030\" height=\"687\" class=\"wp-image-1189\" src=\"https:\/\/www.connectanatura.org\/wp-content\/uploads\/2024\/01\/MG_5679-1-1030x687.jpg\" alt=\"\" data-id=\"1189\" data-full-url=\"https:\/\/www.connectanatura.org\/wp-content\/uploads\/2024\/01\/MG_5679-1-scaled.jpg\" data-link=\"https:\/\/www.connectanatura.org\/varietats-tradicionals-per-a-enxarxar-nos\/mg_5679-1\/\" srcset=\"https:\/\/www.connectanatura.org\/wp-content\/uploads\/2024\/01\/MG_5679-1-1030x687.jpg 1030w, https:\/\/www.connectanatura.org\/wp-content\/uploads\/2024\/01\/MG_5679-1-300x200.jpg 300w, https:\/\/www.connectanatura.org\/wp-content\/uploads\/2024\/01\/MG_5679-1-768x512.jpg 768w, https:\/\/www.connectanatura.org\/wp-content\/uploads\/2024\/01\/MG_5679-1-1536x1024.jpg 1536w, https:\/\/www.connectanatura.org\/wp-content\/uploads\/2024\/01\/MG_5679-1-2048x1365.jpg 2048w, https:\/\/www.connectanatura.org\/wp-content\/uploads\/2024\/01\/MG_5679-1-1500x1000.jpg 1500w, https:\/\/www.connectanatura.org\/wp-content\/uploads\/2024\/01\/MG_5679-1-705x470.jpg 705w\" sizes=\"(max-width: 1030px) 100vw, 1030px\" \/><\/figure>\r\n<\/li>\r\n<li class=\"blocks-gallery-item\">\r\n<figure><img loading=\"lazy\" decoding=\"async\" width=\"1030\" height=\"687\" class=\"wp-image-1190\" src=\"https:\/\/www.connectanatura.org\/wp-content\/uploads\/2024\/01\/MG_5681-1-1030x687.jpg\" alt=\"\" data-id=\"1190\" data-full-url=\"https:\/\/www.connectanatura.org\/wp-content\/uploads\/2024\/01\/MG_5681-1-scaled.jpg\" data-link=\"https:\/\/www.connectanatura.org\/varietats-tradicionals-per-a-enxarxar-nos\/mg_5681-1\/\" srcset=\"https:\/\/www.connectanatura.org\/wp-content\/uploads\/2024\/01\/MG_5681-1-1030x687.jpg 1030w, https:\/\/www.connectanatura.org\/wp-content\/uploads\/2024\/01\/MG_5681-1-300x200.jpg 300w, https:\/\/www.connectanatura.org\/wp-content\/uploads\/2024\/01\/MG_5681-1-768x512.jpg 768w, https:\/\/www.connectanatura.org\/wp-content\/uploads\/2024\/01\/MG_5681-1-1536x1024.jpg 1536w, https:\/\/www.connectanatura.org\/wp-content\/uploads\/2024\/01\/MG_5681-1-2048x1365.jpg 2048w, https:\/\/www.connectanatura.org\/wp-content\/uploads\/2024\/01\/MG_5681-1-1500x1000.jpg 1500w, https:\/\/www.connectanatura.org\/wp-content\/uploads\/2024\/01\/MG_5681-1-705x470.jpg 705w\" sizes=\"(max-width: 1030px) 100vw, 1030px\" \/><\/figure>\r\n<\/li>\r\n<\/ul>\r\n<\/figure>\r\n\r\n\r\n\r\n<p>Els tallers es desenvolupen mitjan\u00e7ant el joc i ferramentes cooperatives i aborden les tem\u00e0tiques centrals de l\u2019actualitat com la transici\u00f3 ecol\u00f2gica, la revaloritzaci\u00f3 del patrimoni natural i cultural, el consum responsable, l\u2019alimentaci\u00f3 local i de temporada o la cura del medi ambient, fomentant en les noves generacions estils de vida saludables i justos socialment i ambiental.<\/p>\r\n\r\n\r\n\r\n<p><strong>Pacte per les Varietats Tradicionals de Cultiu i els Coneixements Associats<\/strong><\/p>\r\n\r\n\r\n\r\n<p>Treballar enxarxades i de manera horitzontal naix de la convicci\u00f3 que les VTC i els seus coneixements tradicionals associats s\u00f3n b\u00e9ns comunals, i junt a la comunitat social que els gestiona i els valors, costums i normes que s\u2019utilitzen per gestionar-lo constitueixen un procom\u00fa, \u00e9s a dir, all\u00f2 que \u00e9s de tothom i de ning\u00fa al mateix temps. Amb aquesta idea, es va impulsar, un any m\u00e9s, la recollida d\u2019adhesions al Pacte per les Varietats Tradicionals de Cultiu i els Coneixements Associats, un mitj\u00e0 per formalitzar el suport col\u00b7lectiu a les varietats tradicionals del nostre territori! Es tracta d\u2019una signatura simb\u00f2lica en la qual han pogut participar persones a t\u00edtol individual, associacions, entitats p\u00fabliques i privades.\u00a0<\/p>\r\n\r\n\r\n\r\n<p>I \u00e9s ara que recollim les dades: 6 Ajuntaments, 28 associacions, 20 entitats privades i 180 persones a t\u00edtol individual s\u2019han adherit al Pacte! Per aix\u00f2 podem dir que ha estat tot un \u00e8xit! Amb aix\u00f2, s\u2019estableix un comprom\u00eds de participaci\u00f3 de les accions de conservaci\u00f3 de les varietats tradicionals, aix\u00ed com a promoure la creaci\u00f3 i desenvolupament d\u2019una xarxa ciutadana dirigida a la recuperaci\u00f3, conservaci\u00f3 i revaloritzaci\u00f3 de les varietats tradicionals de cultiu, la cultura llauradora i els agroecosistemes rurals del nostre territori.\u00a0<\/p>\r\n\r\n\r\n\r\n<div class=\"wp-block-buttons is-layout-flex wp-block-buttons-is-layout-flex\">\r\n<div class=\"wp-block-button is-style-fill\"><a class=\"wp-block-button__link\" href=\"https:\/\/www.connectanatura.org\/wp-content\/uploads\/2024\/01\/Pacte-VTCAdhesions.pdf\" target=\"_blank\" rel=\"noreferrer noopener\">Coneix el Pacte i les adhesions!<\/a><\/div>\r\n<\/div>\r\n\r\n\r\n\r\n<p>Nom\u00e9s podem donar les gr\u00e0cies!<\/p>","protected":false},"excerpt":{"rendered":"<p>Des de l\u2019associaci\u00f3 Connecta Natura creiem que l\u2019\u00fas de es varietats tradicionals de cultiu i el seu coneixement tradicional associat col\u00b7laboren a la dinamitzaci\u00f3 dels territoris rurals. En aquest context, vam impulsar aquest projecte amb la idea de reviure aquestes estrat\u00e8gies de suport mutu i aix\u00ed revitalitzar un mode de vida en comuni\u00f3 en el [&hellip;]<\/p>","protected":false},"author":1,"featured_media":1211,"comment_status":"closed","ping_status":"open","sticky":false,"template":"","format":"standard","meta":{"_acf_changed":false,"footnotes":""},"categories":[3],"tags":[],"class_list":["post-1165","post","type-post","status-publish","format-standard","has-post-thumbnail","hentry","category-parlem-de"],"acf":[],"yoast_head":"<!-- This site is optimized with the Yoast SEO plugin v24.6 - https:\/\/yoast.com\/wordpress\/plugins\/seo\/ -->\n<title>Varietats Tradicionals per a Enxarxar-nos! - Connecta Natura<\/title>\n<meta name=\"robots\" content=\"index, follow, max-snippet:-1, max-image-preview:large, max-video-preview:-1\" \/>\n<link rel=\"canonical\" href=\"https:\/\/www.connectanatura.org\/cas\/wp-json\/wp\/v2\/posts\/1165\" \/>\n<meta property=\"og:locale\" content=\"es_ES\" \/>\n<meta property=\"og:type\" content=\"article\" \/>\n<meta property=\"og:title\" content=\"Varietats Tradicionals per a Enxarxar-nos! - Connecta Natura\" \/>\n<meta property=\"og:description\" content=\"Des de l\u2019associaci\u00f3 Connecta Natura creiem que l\u2019\u00fas de es varietats tradicionals de cultiu i el seu coneixement tradicional associat col\u00b7laboren a la dinamitzaci\u00f3 dels territoris rurals. En aquest context, vam impulsar aquest projecte amb la idea de reviure aquestes estrat\u00e8gies de suport mutu i aix\u00ed revitalitzar un mode de vida en comuni\u00f3 en el [&hellip;]\" \/>\n<meta property=\"og:url\" content=\"https:\/\/www.connectanatura.org\/cas\/varietats-tradicionals-per-a-enxarxar-nos\/\" \/>\n<meta property=\"og:site_name\" content=\"Connecta Natura\" \/>\n<meta property=\"article:publisher\" content=\"https:\/\/www.facebook.com\/connectanatura\" \/>\n<meta property=\"article:published_time\" content=\"2025-01-09T07:49:38+00:00\" \/>\n<meta property=\"article:modified_time\" content=\"2025-04-29T08:24:53+00:00\" \/>\n<meta property=\"og:image\" content=\"https:\/\/www.connectanatura.org\/wp-content\/uploads\/2024\/01\/4a-trobada-xarxa-02-1-1030x687.jpg\" \/>\n\t<meta property=\"og:image:width\" content=\"1030\" \/>\n\t<meta property=\"og:image:height\" content=\"687\" \/>\n\t<meta property=\"og:image:type\" content=\"image\/jpeg\" \/>\n<meta name=\"author\" content=\"Connecta Natura\" \/>\n<meta name=\"twitter:card\" content=\"summary_large_image\" \/>\n<meta name=\"twitter:creator\" content=\"@ConnectaNatura\" \/>\n<meta name=\"twitter:site\" content=\"@ConnectaNatura\" \/>\n<meta name=\"twitter:label1\" content=\"Escrito por\" \/>\n\t<meta name=\"twitter:data1\" content=\"Connecta Natura\" \/>\n\t<meta name=\"twitter:label2\" content=\"Tiempo de lectura\" \/>\n\t<meta name=\"twitter:data2\" content=\"17 minutos\" \/>\n<script type=\"application\/ld+json\" class=\"yoast-schema-graph\">{\"@context\":\"https:\/\/schema.org\",\"@graph\":[{\"@type\":\"Article\",\"@id\":\"https:\/\/www.connectanatura.org\/varietats-tradicionals-per-a-enxarxar-nos\/#article\",\"isPartOf\":{\"@id\":\"https:\/\/www.connectanatura.org\/varietats-tradicionals-per-a-enxarxar-nos\/\"},\"author\":{\"name\":\"Connecta Natura\",\"@id\":\"https:\/\/www.connectanatura.org\/#\/schema\/person\/3a4a4101223703badd0b5e30bb5cadbc\"},\"headline\":\"Varietats Tradicionals per a Enxarxar-nos!\",\"datePublished\":\"2025-01-09T07:49:38+00:00\",\"dateModified\":\"2025-04-29T08:24:53+00:00\",\"mainEntityOfPage\":{\"@id\":\"https:\/\/www.connectanatura.org\/varietats-tradicionals-per-a-enxarxar-nos\/\"},\"wordCount\":1654,\"publisher\":{\"@id\":\"https:\/\/www.connectanatura.org\/#organization\"},\"image\":{\"@id\":\"https:\/\/www.connectanatura.org\/varietats-tradicionals-per-a-enxarxar-nos\/#primaryimage\"},\"thumbnailUrl\":\"https:\/\/www.connectanatura.org\/wp-content\/uploads\/2024\/01\/4a-trobada-xarxa-02-1-scaled.jpg\",\"articleSection\":[\"Parlem de\"],\"inLanguage\":\"es\"},{\"@type\":\"WebPage\",\"@id\":\"https:\/\/www.connectanatura.org\/varietats-tradicionals-per-a-enxarxar-nos\/\",\"url\":\"https:\/\/www.connectanatura.org\/varietats-tradicionals-per-a-enxarxar-nos\/\",\"name\":\"Varietats Tradicionals per a Enxarxar-nos! - Connecta Natura\",\"isPartOf\":{\"@id\":\"https:\/\/www.connectanatura.org\/#website\"},\"primaryImageOfPage\":{\"@id\":\"https:\/\/www.connectanatura.org\/varietats-tradicionals-per-a-enxarxar-nos\/#primaryimage\"},\"image\":{\"@id\":\"https:\/\/www.connectanatura.org\/varietats-tradicionals-per-a-enxarxar-nos\/#primaryimage\"},\"thumbnailUrl\":\"https:\/\/www.connectanatura.org\/wp-content\/uploads\/2024\/01\/4a-trobada-xarxa-02-1-scaled.jpg\",\"datePublished\":\"2025-01-09T07:49:38+00:00\",\"dateModified\":\"2025-04-29T08:24:53+00:00\",\"breadcrumb\":{\"@id\":\"https:\/\/www.connectanatura.org\/varietats-tradicionals-per-a-enxarxar-nos\/#breadcrumb\"},\"inLanguage\":\"es\",\"potentialAction\":[{\"@type\":\"ReadAction\",\"target\":[\"https:\/\/www.connectanatura.org\/varietats-tradicionals-per-a-enxarxar-nos\/\"]}]},{\"@type\":\"ImageObject\",\"inLanguage\":\"es\",\"@id\":\"https:\/\/www.connectanatura.org\/varietats-tradicionals-per-a-enxarxar-nos\/#primaryimage\",\"url\":\"https:\/\/www.connectanatura.org\/wp-content\/uploads\/2024\/01\/4a-trobada-xarxa-02-1-scaled.jpg\",\"contentUrl\":\"https:\/\/www.connectanatura.org\/wp-content\/uploads\/2024\/01\/4a-trobada-xarxa-02-1-scaled.jpg\",\"width\":2560,\"height\":1707},{\"@type\":\"BreadcrumbList\",\"@id\":\"https:\/\/www.connectanatura.org\/varietats-tradicionals-per-a-enxarxar-nos\/#breadcrumb\",\"itemListElement\":[{\"@type\":\"ListItem\",\"position\":1,\"name\":\"Inici\",\"item\":\"https:\/\/www.connectanatura.org\/\"},{\"@type\":\"ListItem\",\"position\":2,\"name\":\"Varietats Tradicionals per a Enxarxar-nos!\"}]},{\"@type\":\"WebSite\",\"@id\":\"https:\/\/www.connectanatura.org\/#website\",\"url\":\"https:\/\/www.connectanatura.org\/\",\"name\":\"Connecta Natura\",\"description\":\"\",\"publisher\":{\"@id\":\"https:\/\/www.connectanatura.org\/#organization\"},\"potentialAction\":[{\"@type\":\"SearchAction\",\"target\":{\"@type\":\"EntryPoint\",\"urlTemplate\":\"https:\/\/www.connectanatura.org\/?s={search_term_string}\"},\"query-input\":{\"@type\":\"PropertyValueSpecification\",\"valueRequired\":true,\"valueName\":\"search_term_string\"}}],\"inLanguage\":\"es\"},{\"@type\":\"Organization\",\"@id\":\"https:\/\/www.connectanatura.org\/#organization\",\"name\":\"Connecta Natura\",\"url\":\"https:\/\/www.connectanatura.org\/\",\"logo\":{\"@type\":\"ImageObject\",\"inLanguage\":\"es\",\"@id\":\"https:\/\/www.connectanatura.org\/#\/schema\/logo\/image\/\",\"url\":\"https:\/\/www.connectanatura.org\/wp-content\/uploads\/2021\/05\/Logo-final-hotzontal.png\",\"contentUrl\":\"https:\/\/www.connectanatura.org\/wp-content\/uploads\/2021\/05\/Logo-final-hotzontal.png\",\"width\":3543,\"height\":1181,\"caption\":\"Connecta Natura\"},\"image\":{\"@id\":\"https:\/\/www.connectanatura.org\/#\/schema\/logo\/image\/\"},\"sameAs\":[\"https:\/\/www.facebook.com\/connectanatura\",\"https:\/\/x.com\/ConnectaNatura\",\"https:\/\/www.instagram.com\/connectanatura\/\",\"https:\/\/www.linkedin.com\/company\/connecta-natura\"]},{\"@type\":\"Person\",\"@id\":\"https:\/\/www.connectanatura.org\/#\/schema\/person\/3a4a4101223703badd0b5e30bb5cadbc\",\"name\":\"Connecta Natura\",\"image\":{\"@type\":\"ImageObject\",\"inLanguage\":\"es\",\"@id\":\"https:\/\/www.connectanatura.org\/#\/schema\/person\/image\/\",\"url\":\"https:\/\/secure.gravatar.com\/avatar\/3324c6c1a0359802e3978e97a9a2029d?s=96&d=mm&r=g\",\"contentUrl\":\"https:\/\/secure.gravatar.com\/avatar\/3324c6c1a0359802e3978e97a9a2029d?s=96&d=mm&r=g\",\"caption\":\"Connecta Natura\"}}]}<\/script>\n<!-- \/ Yoast SEO plugin. -->","yoast_head_json":{"title":"Varietats Tradicionals per a Enxarxar-nos! - Connecta Natura","robots":{"index":"index","follow":"follow","max-snippet":"max-snippet:-1","max-image-preview":"max-image-preview:large","max-video-preview":"max-video-preview:-1"},"canonical":"https:\/\/www.connectanatura.org\/cas\/wp-json\/wp\/v2\/posts\/1165","og_locale":"es_ES","og_type":"article","og_title":"Varietats Tradicionals per a Enxarxar-nos! - Connecta Natura","og_description":"Des de l\u2019associaci\u00f3 Connecta Natura creiem que l\u2019\u00fas de es varietats tradicionals de cultiu i el seu coneixement tradicional associat col\u00b7laboren a la dinamitzaci\u00f3 dels territoris rurals. En aquest context, vam impulsar aquest projecte amb la idea de reviure aquestes estrat\u00e8gies de suport mutu i aix\u00ed revitalitzar un mode de vida en comuni\u00f3 en el [&hellip;]","og_url":"https:\/\/www.connectanatura.org\/cas\/varietats-tradicionals-per-a-enxarxar-nos\/","og_site_name":"Connecta Natura","article_publisher":"https:\/\/www.facebook.com\/connectanatura","article_published_time":"2025-01-09T07:49:38+00:00","article_modified_time":"2025-04-29T08:24:53+00:00","og_image":[{"width":1030,"height":687,"url":"https:\/\/www.connectanatura.org\/wp-content\/uploads\/2024\/01\/4a-trobada-xarxa-02-1-1030x687.jpg","type":"image\/jpeg"}],"author":"Connecta Natura","twitter_card":"summary_large_image","twitter_creator":"@ConnectaNatura","twitter_site":"@ConnectaNatura","twitter_misc":{"Escrito por":"Connecta Natura","Tiempo de lectura":"17 minutos"},"schema":{"@context":"https:\/\/schema.org","@graph":[{"@type":"Article","@id":"https:\/\/www.connectanatura.org\/varietats-tradicionals-per-a-enxarxar-nos\/#article","isPartOf":{"@id":"https:\/\/www.connectanatura.org\/varietats-tradicionals-per-a-enxarxar-nos\/"},"author":{"name":"Connecta Natura","@id":"https:\/\/www.connectanatura.org\/#\/schema\/person\/3a4a4101223703badd0b5e30bb5cadbc"},"headline":"Varietats Tradicionals per a Enxarxar-nos!","datePublished":"2025-01-09T07:49:38+00:00","dateModified":"2025-04-29T08:24:53+00:00","mainEntityOfPage":{"@id":"https:\/\/www.connectanatura.org\/varietats-tradicionals-per-a-enxarxar-nos\/"},"wordCount":1654,"publisher":{"@id":"https:\/\/www.connectanatura.org\/#organization"},"image":{"@id":"https:\/\/www.connectanatura.org\/varietats-tradicionals-per-a-enxarxar-nos\/#primaryimage"},"thumbnailUrl":"https:\/\/www.connectanatura.org\/wp-content\/uploads\/2024\/01\/4a-trobada-xarxa-02-1-scaled.jpg","articleSection":["Parlem de"],"inLanguage":"es"},{"@type":"WebPage","@id":"https:\/\/www.connectanatura.org\/varietats-tradicionals-per-a-enxarxar-nos\/","url":"https:\/\/www.connectanatura.org\/varietats-tradicionals-per-a-enxarxar-nos\/","name":"Varietats Tradicionals per a Enxarxar-nos! - Connecta Natura","isPartOf":{"@id":"https:\/\/www.connectanatura.org\/#website"},"primaryImageOfPage":{"@id":"https:\/\/www.connectanatura.org\/varietats-tradicionals-per-a-enxarxar-nos\/#primaryimage"},"image":{"@id":"https:\/\/www.connectanatura.org\/varietats-tradicionals-per-a-enxarxar-nos\/#primaryimage"},"thumbnailUrl":"https:\/\/www.connectanatura.org\/wp-content\/uploads\/2024\/01\/4a-trobada-xarxa-02-1-scaled.jpg","datePublished":"2025-01-09T07:49:38+00:00","dateModified":"2025-04-29T08:24:53+00:00","breadcrumb":{"@id":"https:\/\/www.connectanatura.org\/varietats-tradicionals-per-a-enxarxar-nos\/#breadcrumb"},"inLanguage":"es","potentialAction":[{"@type":"ReadAction","target":["https:\/\/www.connectanatura.org\/varietats-tradicionals-per-a-enxarxar-nos\/"]}]},{"@type":"ImageObject","inLanguage":"es","@id":"https:\/\/www.connectanatura.org\/varietats-tradicionals-per-a-enxarxar-nos\/#primaryimage","url":"https:\/\/www.connectanatura.org\/wp-content\/uploads\/2024\/01\/4a-trobada-xarxa-02-1-scaled.jpg","contentUrl":"https:\/\/www.connectanatura.org\/wp-content\/uploads\/2024\/01\/4a-trobada-xarxa-02-1-scaled.jpg","width":2560,"height":1707},{"@type":"BreadcrumbList","@id":"https:\/\/www.connectanatura.org\/varietats-tradicionals-per-a-enxarxar-nos\/#breadcrumb","itemListElement":[{"@type":"ListItem","position":1,"name":"Inici","item":"https:\/\/www.connectanatura.org\/"},{"@type":"ListItem","position":2,"name":"Varietats Tradicionals per a Enxarxar-nos!"}]},{"@type":"WebSite","@id":"https:\/\/www.connectanatura.org\/#website","url":"https:\/\/www.connectanatura.org\/","name":"Connecta Natura","description":"","publisher":{"@id":"https:\/\/www.connectanatura.org\/#organization"},"potentialAction":[{"@type":"SearchAction","target":{"@type":"EntryPoint","urlTemplate":"https:\/\/www.connectanatura.org\/?s={search_term_string}"},"query-input":{"@type":"PropertyValueSpecification","valueRequired":true,"valueName":"search_term_string"}}],"inLanguage":"es"},{"@type":"Organization","@id":"https:\/\/www.connectanatura.org\/#organization","name":"Connecta Natura","url":"https:\/\/www.connectanatura.org\/","logo":{"@type":"ImageObject","inLanguage":"es","@id":"https:\/\/www.connectanatura.org\/#\/schema\/logo\/image\/","url":"https:\/\/www.connectanatura.org\/wp-content\/uploads\/2021\/05\/Logo-final-hotzontal.png","contentUrl":"https:\/\/www.connectanatura.org\/wp-content\/uploads\/2021\/05\/Logo-final-hotzontal.png","width":3543,"height":1181,"caption":"Connecta Natura"},"image":{"@id":"https:\/\/www.connectanatura.org\/#\/schema\/logo\/image\/"},"sameAs":["https:\/\/www.facebook.com\/connectanatura","https:\/\/x.com\/ConnectaNatura","https:\/\/www.instagram.com\/connectanatura\/","https:\/\/www.linkedin.com\/company\/connecta-natura"]},{"@type":"Person","@id":"https:\/\/www.connectanatura.org\/#\/schema\/person\/3a4a4101223703badd0b5e30bb5cadbc","name":"Connecta Natura","image":{"@type":"ImageObject","inLanguage":"es","@id":"https:\/\/www.connectanatura.org\/#\/schema\/person\/image\/","url":"https:\/\/secure.gravatar.com\/avatar\/3324c6c1a0359802e3978e97a9a2029d?s=96&d=mm&r=g","contentUrl":"https:\/\/secure.gravatar.com\/avatar\/3324c6c1a0359802e3978e97a9a2029d?s=96&d=mm&r=g","caption":"Connecta Natura"}}]}},"_links":{"self":[{"href":"https:\/\/www.connectanatura.org\/cas\/wp-json\/wp\/v2\/posts\/1165"}],"collection":[{"href":"https:\/\/www.connectanatura.org\/cas\/wp-json\/wp\/v2\/posts"}],"about":[{"href":"https:\/\/www.connectanatura.org\/cas\/wp-json\/wp\/v2\/types\/post"}],"author":[{"embeddable":true,"href":"https:\/\/www.connectanatura.org\/cas\/wp-json\/wp\/v2\/users\/1"}],"replies":[{"embeddable":true,"href":"https:\/\/www.connectanatura.org\/cas\/wp-json\/wp\/v2\/comments?post=1165"}],"version-history":[{"count":10,"href":"https:\/\/www.connectanatura.org\/cas\/wp-json\/wp\/v2\/posts\/1165\/revisions"}],"predecessor-version":[{"id":3053,"href":"https:\/\/www.connectanatura.org\/cas\/wp-json\/wp\/v2\/posts\/1165\/revisions\/3053"}],"wp:featuredmedia":[{"embeddable":true,"href":"https:\/\/www.connectanatura.org\/cas\/wp-json\/wp\/v2\/media\/1211"}],"wp:attachment":[{"href":"https:\/\/www.connectanatura.org\/cas\/wp-json\/wp\/v2\/media?parent=1165"}],"wp:term":[{"taxonomy":"category","embeddable":true,"href":"https:\/\/www.connectanatura.org\/cas\/wp-json\/wp\/v2\/categories?post=1165"},{"taxonomy":"post_tag","embeddable":true,"href":"https:\/\/www.connectanatura.org\/cas\/wp-json\/wp\/v2\/tags?post=1165"}],"curies":[{"name":"wp","href":"https:\/\/api.w.org\/{rel}","templated":true}]}}