{"id":2252,"date":"2024-10-29T00:39:55","date_gmt":"2024-10-28T23:39:55","guid":{"rendered":"https:\/\/www.connectanatura.org\/?p=2252"},"modified":"2025-04-29T10:24:54","modified_gmt":"2025-04-29T08:24:54","slug":"pacte-per-les-varietats-tradicionals-compromis-collectiu-pel-patrimoni-agricola-i-cultural-de-les-comarques-castellonenques","status":"publish","type":"post","link":"https:\/\/www.connectanatura.org\/cas\/pacte-per-les-varietats-tradicionals-compromis-collectiu-pel-patrimoni-agricola-i-cultural-de-les-comarques-castellonenques\/","title":{"rendered":"Pacte per les varietats tradicionals: Comprom\u00eds col\u00b7lectiu pel patrimoni agr\u00edcola i cultural de les comarques castellonenques"},"content":{"rendered":"<p>Les zones rurals de les comarques castellonenques destaquen per la seua riquesa ecol\u00f2gica, cultural i hist\u00f2rica. A molts pobles es continuen conservant pr\u00e0ctiques i coneixements dels sistemes agr\u00edcoles tradicionals, aix\u00ed com varietats de cultius, que poden proporcionar eines per plantejar una agricultura m\u00e9s sostenible i resilient. No obstant aix\u00f2, aquest territori s\u2019enfronta a un greu proc\u00e9s de despoblament i abandonament que comporta la degradaci\u00f3 dels agroecosistemes, aix\u00ed com una alarmant p\u00e8rdua de varietats tradicionals de cultiu i del seu coneixement tradicional associat, que posa en risc la conservaci\u00f3 i perviv\u00e8ncia d\u2019aquests recursos i sabers tradicionals.<\/p>\n<p>M\u00e9s enll\u00e0, el proc\u00e9s participatiu impulsat per Connecta Natura al llarg de l\u2019any 2022 ha posat de manifest que existix un sector de la societat de les comarques rurals castellonenques sensibilitzat amb aquesta problem\u00e0tica i amb la motivaci\u00f3 i implicaci\u00f3 personal necess\u00e0ria per a recuperar, conservar i promoure les varietats tradicionals de cultius i els coneixements tradicionals associats. Com a resultat d\u2019aquest proc\u00e9s participatiu, es va crear el Pacte per les varietats tradicionals de les comarques castellonenques que recull les necessitats i demandes de les habitants de les zones rurals. Actualment, el pacte compta amb 234 adhesions, que inclouen 6 Ajuntaments, 28 associacions, 20 entitats privades i 180 persones compromeses a actuar en la recuperaci\u00f3 i conservaci\u00f3 de les nostres varietats tradicionals.<\/p>\n<p>Aquelles persones i entitats que s&#8217;adherixen al Pacte es comprometen a promoure i participar en les accions de conservaci\u00f3, recuperaci\u00f3 i revaloritzaci\u00f3 de les nostres varietats tradicionals, aix\u00ed com a la cultura llauradora i els agroecosistemes rurals.<\/p>\n<p>Com a primera acci\u00f3 del Pacte, es va realitzar un proc\u00e9s de registre participatiu comunitari de dos varietats de cirera emblem\u00e0tiques de la Serra d\u2019Espad\u00e0 i la Tinen\u00e7a de Benifass\u00e0 respectivament: la cirera de Mar\u00e7o i la cirera de Coll del Sastre. Tamb\u00e9 es va realitzar el registre de la carbassa de confitura o baconera de Vilafranca, vinculada a la seues conegudes festivitats locals.<\/p>\n<p>Si vols formar part d\u2019aquest moviment i contribuir a aquesta tasca tan necess\u00e0ria, t&#8217;animem a adherir-te al Pacte.<\/p>\n<p><a href=\"https:\/\/forms.komun.org\/adhesiopactevtc\" target=\"_blank\" rel=\"noopener\">Enlla\u00e7 per adherir-se al Pacte<\/a><\/p>\n<p>&nbsp;<\/p>\n<p>Preservar les varietats tradicionals i els seus coneixements associats \u00e9s cosa de totes!<\/p>\n<p>Aquesta acci\u00f3 s&#8217;emmarca dins del projecte Varietats tradicionals per enxarxar-nos beneficiari de les subvencions destinades a les entitats ciutadanes de la Comunitat Valenciana, per a l&#8217;enfortiment de la participaci\u00f3 ciutadana en l&#8217;\u00e0mbit de l&#8217;associacionisme, durant l&#8217;exercici 2024 de la Presid\u00e8ncia de la Generalitat Valenciana.<\/p>\n<p>&nbsp;<\/p>","protected":false},"excerpt":{"rendered":"<p>Les zones rurals de les comarques castellonenques destaquen per la seua riquesa ecol\u00f2gica, cultural i hist\u00f2rica. A molts pobles es continuen conservant pr\u00e0ctiques i coneixements dels sistemes agr\u00edcoles tradicionals, aix\u00ed com varietats de cultius, que poden proporcionar eines per plantejar una agricultura m\u00e9s sostenible i resilient. No obstant aix\u00f2, aquest territori s\u2019enfronta a un greu [&hellip;]<\/p>","protected":false},"author":9,"featured_media":2254,"comment_status":"closed","ping_status":"open","sticky":false,"template":"","format":"standard","meta":{"_acf_changed":false,"footnotes":""},"categories":[3],"tags":[],"class_list":["post-2252","post","type-post","status-publish","format-standard","has-post-thumbnail","hentry","category-parlem-de"],"acf":[],"yoast_head":"<!-- This site is optimized with the Yoast SEO plugin v24.6 - https:\/\/yoast.com\/wordpress\/plugins\/seo\/ -->\n<title>Pacte per les varietats tradicionals: Comprom\u00eds col\u00b7lectiu pel patrimoni agr\u00edcola i cultural de les comarques castellonenques - Connecta Natura<\/title>\n<meta name=\"robots\" content=\"index, follow, max-snippet:-1, max-image-preview:large, max-video-preview:-1\" \/>\n<link rel=\"canonical\" href=\"https:\/\/www.connectanatura.org\/cas\/wp-json\/wp\/v2\/posts\/2252\" \/>\n<meta property=\"og:locale\" content=\"es_ES\" \/>\n<meta property=\"og:type\" content=\"article\" \/>\n<meta property=\"og:title\" content=\"Pacte per les varietats tradicionals: Comprom\u00eds col\u00b7lectiu pel patrimoni agr\u00edcola i cultural de les comarques castellonenques - Connecta Natura\" \/>\n<meta property=\"og:description\" content=\"Les zones rurals de les comarques castellonenques destaquen per la seua riquesa ecol\u00f2gica, cultural i hist\u00f2rica. A molts pobles es continuen conservant pr\u00e0ctiques i coneixements dels sistemes agr\u00edcoles tradicionals, aix\u00ed com varietats de cultius, que poden proporcionar eines per plantejar una agricultura m\u00e9s sostenible i resilient. No obstant aix\u00f2, aquest territori s\u2019enfronta a un greu [&hellip;]\" \/>\n<meta property=\"og:url\" content=\"https:\/\/www.connectanatura.org\/cas\/pacte-per-les-varietats-tradicionals-compromis-collectiu-pel-patrimoni-agricola-i-cultural-de-les-comarques-castellonenques\/\" \/>\n<meta property=\"og:site_name\" content=\"Connecta Natura\" \/>\n<meta property=\"article:publisher\" content=\"https:\/\/www.facebook.com\/connectanatura\" \/>\n<meta property=\"article:published_time\" content=\"2024-10-28T23:39:55+00:00\" \/>\n<meta property=\"article:modified_time\" content=\"2025-04-29T08:24:54+00:00\" \/>\n<meta property=\"og:image\" content=\"https:\/\/www.connectanatura.org\/wp-content\/uploads\/2024\/10\/Noticia-web-1_Pacte_Imatge-4.jpg\" \/>\n\t<meta property=\"og:image:width\" content=\"1080\" \/>\n\t<meta property=\"og:image:height\" content=\"1350\" \/>\n\t<meta property=\"og:image:type\" content=\"image\/jpeg\" \/>\n<meta name=\"author\" content=\"carmen\" \/>\n<meta name=\"twitter:card\" content=\"summary_large_image\" \/>\n<meta name=\"twitter:creator\" content=\"@ConnectaNatura\" \/>\n<meta name=\"twitter:site\" content=\"@ConnectaNatura\" \/>\n<meta name=\"twitter:label1\" content=\"Escrito por\" \/>\n\t<meta name=\"twitter:data1\" content=\"carmen\" \/>\n\t<meta name=\"twitter:label2\" content=\"Tiempo de lectura\" \/>\n\t<meta name=\"twitter:data2\" content=\"3 minutos\" \/>\n<script type=\"application\/ld+json\" class=\"yoast-schema-graph\">{\"@context\":\"https:\/\/schema.org\",\"@graph\":[{\"@type\":\"Article\",\"@id\":\"https:\/\/www.connectanatura.org\/pacte-per-les-varietats-tradicionals-compromis-collectiu-pel-patrimoni-agricola-i-cultural-de-les-comarques-castellonenques\/#article\",\"isPartOf\":{\"@id\":\"https:\/\/www.connectanatura.org\/pacte-per-les-varietats-tradicionals-compromis-collectiu-pel-patrimoni-agricola-i-cultural-de-les-comarques-castellonenques\/\"},\"author\":{\"name\":\"carmen\",\"@id\":\"https:\/\/www.connectanatura.org\/#\/schema\/person\/9ad6455f46e2b7f0414e72ed016d7da2\"},\"headline\":\"Pacte per les varietats tradicionals: Comprom\u00eds col\u00b7lectiu pel patrimoni agr\u00edcola i cultural de les comarques castellonenques\",\"datePublished\":\"2024-10-28T23:39:55+00:00\",\"dateModified\":\"2025-04-29T08:24:54+00:00\",\"mainEntityOfPage\":{\"@id\":\"https:\/\/www.connectanatura.org\/pacte-per-les-varietats-tradicionals-compromis-collectiu-pel-patrimoni-agricola-i-cultural-de-les-comarques-castellonenques\/\"},\"wordCount\":438,\"publisher\":{\"@id\":\"https:\/\/www.connectanatura.org\/#organization\"},\"image\":{\"@id\":\"https:\/\/www.connectanatura.org\/pacte-per-les-varietats-tradicionals-compromis-collectiu-pel-patrimoni-agricola-i-cultural-de-les-comarques-castellonenques\/#primaryimage\"},\"thumbnailUrl\":\"https:\/\/www.connectanatura.org\/wp-content\/uploads\/2024\/10\/Noticia-web-1_Pacte_Imatge-4.jpg\",\"articleSection\":[\"Parlem de\"],\"inLanguage\":\"es\"},{\"@type\":\"WebPage\",\"@id\":\"https:\/\/www.connectanatura.org\/pacte-per-les-varietats-tradicionals-compromis-collectiu-pel-patrimoni-agricola-i-cultural-de-les-comarques-castellonenques\/\",\"url\":\"https:\/\/www.connectanatura.org\/pacte-per-les-varietats-tradicionals-compromis-collectiu-pel-patrimoni-agricola-i-cultural-de-les-comarques-castellonenques\/\",\"name\":\"Pacte per les varietats tradicionals: Comprom\u00eds col\u00b7lectiu pel patrimoni agr\u00edcola i cultural de les comarques castellonenques - Connecta Natura\",\"isPartOf\":{\"@id\":\"https:\/\/www.connectanatura.org\/#website\"},\"primaryImageOfPage\":{\"@id\":\"https:\/\/www.connectanatura.org\/pacte-per-les-varietats-tradicionals-compromis-collectiu-pel-patrimoni-agricola-i-cultural-de-les-comarques-castellonenques\/#primaryimage\"},\"image\":{\"@id\":\"https:\/\/www.connectanatura.org\/pacte-per-les-varietats-tradicionals-compromis-collectiu-pel-patrimoni-agricola-i-cultural-de-les-comarques-castellonenques\/#primaryimage\"},\"thumbnailUrl\":\"https:\/\/www.connectanatura.org\/wp-content\/uploads\/2024\/10\/Noticia-web-1_Pacte_Imatge-4.jpg\",\"datePublished\":\"2024-10-28T23:39:55+00:00\",\"dateModified\":\"2025-04-29T08:24:54+00:00\",\"breadcrumb\":{\"@id\":\"https:\/\/www.connectanatura.org\/pacte-per-les-varietats-tradicionals-compromis-collectiu-pel-patrimoni-agricola-i-cultural-de-les-comarques-castellonenques\/#breadcrumb\"},\"inLanguage\":\"es\",\"potentialAction\":[{\"@type\":\"ReadAction\",\"target\":[\"https:\/\/www.connectanatura.org\/pacte-per-les-varietats-tradicionals-compromis-collectiu-pel-patrimoni-agricola-i-cultural-de-les-comarques-castellonenques\/\"]}]},{\"@type\":\"ImageObject\",\"inLanguage\":\"es\",\"@id\":\"https:\/\/www.connectanatura.org\/pacte-per-les-varietats-tradicionals-compromis-collectiu-pel-patrimoni-agricola-i-cultural-de-les-comarques-castellonenques\/#primaryimage\",\"url\":\"https:\/\/www.connectanatura.org\/wp-content\/uploads\/2024\/10\/Noticia-web-1_Pacte_Imatge-4.jpg\",\"contentUrl\":\"https:\/\/www.connectanatura.org\/wp-content\/uploads\/2024\/10\/Noticia-web-1_Pacte_Imatge-4.jpg\",\"width\":1080,\"height\":1350},{\"@type\":\"BreadcrumbList\",\"@id\":\"https:\/\/www.connectanatura.org\/pacte-per-les-varietats-tradicionals-compromis-collectiu-pel-patrimoni-agricola-i-cultural-de-les-comarques-castellonenques\/#breadcrumb\",\"itemListElement\":[{\"@type\":\"ListItem\",\"position\":1,\"name\":\"Inici\",\"item\":\"https:\/\/www.connectanatura.org\/\"},{\"@type\":\"ListItem\",\"position\":2,\"name\":\"Pacte per les varietats tradicionals: Comprom\u00eds col\u00b7lectiu pel patrimoni agr\u00edcola i cultural de les comarques castellonenques\"}]},{\"@type\":\"WebSite\",\"@id\":\"https:\/\/www.connectanatura.org\/#website\",\"url\":\"https:\/\/www.connectanatura.org\/\",\"name\":\"Connecta Natura\",\"description\":\"\",\"publisher\":{\"@id\":\"https:\/\/www.connectanatura.org\/#organization\"},\"potentialAction\":[{\"@type\":\"SearchAction\",\"target\":{\"@type\":\"EntryPoint\",\"urlTemplate\":\"https:\/\/www.connectanatura.org\/?s={search_term_string}\"},\"query-input\":{\"@type\":\"PropertyValueSpecification\",\"valueRequired\":true,\"valueName\":\"search_term_string\"}}],\"inLanguage\":\"es\"},{\"@type\":\"Organization\",\"@id\":\"https:\/\/www.connectanatura.org\/#organization\",\"name\":\"Connecta Natura\",\"url\":\"https:\/\/www.connectanatura.org\/\",\"logo\":{\"@type\":\"ImageObject\",\"inLanguage\":\"es\",\"@id\":\"https:\/\/www.connectanatura.org\/#\/schema\/logo\/image\/\",\"url\":\"https:\/\/www.connectanatura.org\/wp-content\/uploads\/2021\/05\/Logo-final-hotzontal.png\",\"contentUrl\":\"https:\/\/www.connectanatura.org\/wp-content\/uploads\/2021\/05\/Logo-final-hotzontal.png\",\"width\":3543,\"height\":1181,\"caption\":\"Connecta Natura\"},\"image\":{\"@id\":\"https:\/\/www.connectanatura.org\/#\/schema\/logo\/image\/\"},\"sameAs\":[\"https:\/\/www.facebook.com\/connectanatura\",\"https:\/\/x.com\/ConnectaNatura\",\"https:\/\/www.instagram.com\/connectanatura\/\",\"https:\/\/www.linkedin.com\/company\/connecta-natura\"]},{\"@type\":\"Person\",\"@id\":\"https:\/\/www.connectanatura.org\/#\/schema\/person\/9ad6455f46e2b7f0414e72ed016d7da2\",\"name\":\"carmen\",\"image\":{\"@type\":\"ImageObject\",\"inLanguage\":\"es\",\"@id\":\"https:\/\/www.connectanatura.org\/#\/schema\/person\/image\/\",\"url\":\"https:\/\/secure.gravatar.com\/avatar\/c0717728b9261c48b49c604cbe68c130?s=96&d=mm&r=g\",\"contentUrl\":\"https:\/\/secure.gravatar.com\/avatar\/c0717728b9261c48b49c604cbe68c130?s=96&d=mm&r=g\",\"caption\":\"carmen\"}}]}<\/script>\n<!-- \/ Yoast SEO plugin. -->","yoast_head_json":{"title":"Pacte per les varietats tradicionals: Comprom\u00eds col\u00b7lectiu pel patrimoni agr\u00edcola i cultural de les comarques castellonenques - Connecta Natura","robots":{"index":"index","follow":"follow","max-snippet":"max-snippet:-1","max-image-preview":"max-image-preview:large","max-video-preview":"max-video-preview:-1"},"canonical":"https:\/\/www.connectanatura.org\/cas\/wp-json\/wp\/v2\/posts\/2252","og_locale":"es_ES","og_type":"article","og_title":"Pacte per les varietats tradicionals: Comprom\u00eds col\u00b7lectiu pel patrimoni agr\u00edcola i cultural de les comarques castellonenques - Connecta Natura","og_description":"Les zones rurals de les comarques castellonenques destaquen per la seua riquesa ecol\u00f2gica, cultural i hist\u00f2rica. A molts pobles es continuen conservant pr\u00e0ctiques i coneixements dels sistemes agr\u00edcoles tradicionals, aix\u00ed com varietats de cultius, que poden proporcionar eines per plantejar una agricultura m\u00e9s sostenible i resilient. No obstant aix\u00f2, aquest territori s\u2019enfronta a un greu [&hellip;]","og_url":"https:\/\/www.connectanatura.org\/cas\/pacte-per-les-varietats-tradicionals-compromis-collectiu-pel-patrimoni-agricola-i-cultural-de-les-comarques-castellonenques\/","og_site_name":"Connecta Natura","article_publisher":"https:\/\/www.facebook.com\/connectanatura","article_published_time":"2024-10-28T23:39:55+00:00","article_modified_time":"2025-04-29T08:24:54+00:00","og_image":[{"width":1080,"height":1350,"url":"https:\/\/www.connectanatura.org\/wp-content\/uploads\/2024\/10\/Noticia-web-1_Pacte_Imatge-4.jpg","type":"image\/jpeg"}],"author":"carmen","twitter_card":"summary_large_image","twitter_creator":"@ConnectaNatura","twitter_site":"@ConnectaNatura","twitter_misc":{"Escrito por":"carmen","Tiempo de lectura":"3 minutos"},"schema":{"@context":"https:\/\/schema.org","@graph":[{"@type":"Article","@id":"https:\/\/www.connectanatura.org\/pacte-per-les-varietats-tradicionals-compromis-collectiu-pel-patrimoni-agricola-i-cultural-de-les-comarques-castellonenques\/#article","isPartOf":{"@id":"https:\/\/www.connectanatura.org\/pacte-per-les-varietats-tradicionals-compromis-collectiu-pel-patrimoni-agricola-i-cultural-de-les-comarques-castellonenques\/"},"author":{"name":"carmen","@id":"https:\/\/www.connectanatura.org\/#\/schema\/person\/9ad6455f46e2b7f0414e72ed016d7da2"},"headline":"Pacte per les varietats tradicionals: Comprom\u00eds col\u00b7lectiu pel patrimoni agr\u00edcola i cultural de les comarques castellonenques","datePublished":"2024-10-28T23:39:55+00:00","dateModified":"2025-04-29T08:24:54+00:00","mainEntityOfPage":{"@id":"https:\/\/www.connectanatura.org\/pacte-per-les-varietats-tradicionals-compromis-collectiu-pel-patrimoni-agricola-i-cultural-de-les-comarques-castellonenques\/"},"wordCount":438,"publisher":{"@id":"https:\/\/www.connectanatura.org\/#organization"},"image":{"@id":"https:\/\/www.connectanatura.org\/pacte-per-les-varietats-tradicionals-compromis-collectiu-pel-patrimoni-agricola-i-cultural-de-les-comarques-castellonenques\/#primaryimage"},"thumbnailUrl":"https:\/\/www.connectanatura.org\/wp-content\/uploads\/2024\/10\/Noticia-web-1_Pacte_Imatge-4.jpg","articleSection":["Parlem de"],"inLanguage":"es"},{"@type":"WebPage","@id":"https:\/\/www.connectanatura.org\/pacte-per-les-varietats-tradicionals-compromis-collectiu-pel-patrimoni-agricola-i-cultural-de-les-comarques-castellonenques\/","url":"https:\/\/www.connectanatura.org\/pacte-per-les-varietats-tradicionals-compromis-collectiu-pel-patrimoni-agricola-i-cultural-de-les-comarques-castellonenques\/","name":"Pacte per les varietats tradicionals: Comprom\u00eds col\u00b7lectiu pel patrimoni agr\u00edcola i cultural de les comarques castellonenques - Connecta Natura","isPartOf":{"@id":"https:\/\/www.connectanatura.org\/#website"},"primaryImageOfPage":{"@id":"https:\/\/www.connectanatura.org\/pacte-per-les-varietats-tradicionals-compromis-collectiu-pel-patrimoni-agricola-i-cultural-de-les-comarques-castellonenques\/#primaryimage"},"image":{"@id":"https:\/\/www.connectanatura.org\/pacte-per-les-varietats-tradicionals-compromis-collectiu-pel-patrimoni-agricola-i-cultural-de-les-comarques-castellonenques\/#primaryimage"},"thumbnailUrl":"https:\/\/www.connectanatura.org\/wp-content\/uploads\/2024\/10\/Noticia-web-1_Pacte_Imatge-4.jpg","datePublished":"2024-10-28T23:39:55+00:00","dateModified":"2025-04-29T08:24:54+00:00","breadcrumb":{"@id":"https:\/\/www.connectanatura.org\/pacte-per-les-varietats-tradicionals-compromis-collectiu-pel-patrimoni-agricola-i-cultural-de-les-comarques-castellonenques\/#breadcrumb"},"inLanguage":"es","potentialAction":[{"@type":"ReadAction","target":["https:\/\/www.connectanatura.org\/pacte-per-les-varietats-tradicionals-compromis-collectiu-pel-patrimoni-agricola-i-cultural-de-les-comarques-castellonenques\/"]}]},{"@type":"ImageObject","inLanguage":"es","@id":"https:\/\/www.connectanatura.org\/pacte-per-les-varietats-tradicionals-compromis-collectiu-pel-patrimoni-agricola-i-cultural-de-les-comarques-castellonenques\/#primaryimage","url":"https:\/\/www.connectanatura.org\/wp-content\/uploads\/2024\/10\/Noticia-web-1_Pacte_Imatge-4.jpg","contentUrl":"https:\/\/www.connectanatura.org\/wp-content\/uploads\/2024\/10\/Noticia-web-1_Pacte_Imatge-4.jpg","width":1080,"height":1350},{"@type":"BreadcrumbList","@id":"https:\/\/www.connectanatura.org\/pacte-per-les-varietats-tradicionals-compromis-collectiu-pel-patrimoni-agricola-i-cultural-de-les-comarques-castellonenques\/#breadcrumb","itemListElement":[{"@type":"ListItem","position":1,"name":"Inici","item":"https:\/\/www.connectanatura.org\/"},{"@type":"ListItem","position":2,"name":"Pacte per les varietats tradicionals: Comprom\u00eds col\u00b7lectiu pel patrimoni agr\u00edcola i cultural de les comarques castellonenques"}]},{"@type":"WebSite","@id":"https:\/\/www.connectanatura.org\/#website","url":"https:\/\/www.connectanatura.org\/","name":"Connecta Natura","description":"","publisher":{"@id":"https:\/\/www.connectanatura.org\/#organization"},"potentialAction":[{"@type":"SearchAction","target":{"@type":"EntryPoint","urlTemplate":"https:\/\/www.connectanatura.org\/?s={search_term_string}"},"query-input":{"@type":"PropertyValueSpecification","valueRequired":true,"valueName":"search_term_string"}}],"inLanguage":"es"},{"@type":"Organization","@id":"https:\/\/www.connectanatura.org\/#organization","name":"Connecta Natura","url":"https:\/\/www.connectanatura.org\/","logo":{"@type":"ImageObject","inLanguage":"es","@id":"https:\/\/www.connectanatura.org\/#\/schema\/logo\/image\/","url":"https:\/\/www.connectanatura.org\/wp-content\/uploads\/2021\/05\/Logo-final-hotzontal.png","contentUrl":"https:\/\/www.connectanatura.org\/wp-content\/uploads\/2021\/05\/Logo-final-hotzontal.png","width":3543,"height":1181,"caption":"Connecta Natura"},"image":{"@id":"https:\/\/www.connectanatura.org\/#\/schema\/logo\/image\/"},"sameAs":["https:\/\/www.facebook.com\/connectanatura","https:\/\/x.com\/ConnectaNatura","https:\/\/www.instagram.com\/connectanatura\/","https:\/\/www.linkedin.com\/company\/connecta-natura"]},{"@type":"Person","@id":"https:\/\/www.connectanatura.org\/#\/schema\/person\/9ad6455f46e2b7f0414e72ed016d7da2","name":"carmen","image":{"@type":"ImageObject","inLanguage":"es","@id":"https:\/\/www.connectanatura.org\/#\/schema\/person\/image\/","url":"https:\/\/secure.gravatar.com\/avatar\/c0717728b9261c48b49c604cbe68c130?s=96&d=mm&r=g","contentUrl":"https:\/\/secure.gravatar.com\/avatar\/c0717728b9261c48b49c604cbe68c130?s=96&d=mm&r=g","caption":"carmen"}}]}},"_links":{"self":[{"href":"https:\/\/www.connectanatura.org\/cas\/wp-json\/wp\/v2\/posts\/2252"}],"collection":[{"href":"https:\/\/www.connectanatura.org\/cas\/wp-json\/wp\/v2\/posts"}],"about":[{"href":"https:\/\/www.connectanatura.org\/cas\/wp-json\/wp\/v2\/types\/post"}],"author":[{"embeddable":true,"href":"https:\/\/www.connectanatura.org\/cas\/wp-json\/wp\/v2\/users\/9"}],"replies":[{"embeddable":true,"href":"https:\/\/www.connectanatura.org\/cas\/wp-json\/wp\/v2\/comments?post=2252"}],"version-history":[{"count":5,"href":"https:\/\/www.connectanatura.org\/cas\/wp-json\/wp\/v2\/posts\/2252\/revisions"}],"predecessor-version":[{"id":2290,"href":"https:\/\/www.connectanatura.org\/cas\/wp-json\/wp\/v2\/posts\/2252\/revisions\/2290"}],"wp:featuredmedia":[{"embeddable":true,"href":"https:\/\/www.connectanatura.org\/cas\/wp-json\/wp\/v2\/media\/2254"}],"wp:attachment":[{"href":"https:\/\/www.connectanatura.org\/cas\/wp-json\/wp\/v2\/media?parent=2252"}],"wp:term":[{"taxonomy":"category","embeddable":true,"href":"https:\/\/www.connectanatura.org\/cas\/wp-json\/wp\/v2\/categories?post=2252"},{"taxonomy":"post_tag","embeddable":true,"href":"https:\/\/www.connectanatura.org\/cas\/wp-json\/wp\/v2\/tags?post=2252"}],"curies":[{"name":"wp","href":"https:\/\/api.w.org\/{rel}","templated":true}]}}