{"id":3816,"date":"2025-10-20T17:31:54","date_gmt":"2025-10-20T15:31:54","guid":{"rendered":"https:\/\/www.connectanatura.org\/?p=3816"},"modified":"2025-10-31T09:13:29","modified_gmt":"2025-10-31T08:13:29","slug":"registre-participatiu-comunitari-la-tomata-mora-memoria-viva-datzeneta","status":"publish","type":"post","link":"https:\/\/www.connectanatura.org\/cas\/registre-participatiu-comunitari-la-tomata-mora-memoria-viva-datzeneta\/","title":{"rendered":"Registre participatiu comunitari &#8211; La tomata mora\u0300, memo\u0300ria viva d&#8217;Atzeneta"},"content":{"rendered":"<p>Atzeneta del Maestrat va viure una jornada participativa i molt emotiva dedicada a la Tomata Mor\u00e0 d\u2019Atzeneta, una varietat tradicional que forma part de la identitat i de la mem\u00f2ria viva del poble. L\u2019acte, organitzat dins del registre participatiu comunitari de varietats tradicionals, va reunir desenes de ve\u00efns i ve\u00efnes en un ambient de celebraci\u00f3 i reconeixement, posant de relleu la import\u00e0ncia de la participaci\u00f3 ciutadana en la conservaci\u00f3 del patrimoni agr\u00edcola.<img fetchpriority=\"high\" decoding=\"async\" class=\"size-medium wp-image-3811 alignright\" src=\"https:\/\/www.connectanatura.org\/wp-content\/uploads\/2025\/10\/foto-tomata-1-200x300.jpg\" alt=\"\" width=\"200\" height=\"300\" srcset=\"https:\/\/www.connectanatura.org\/wp-content\/uploads\/2025\/10\/foto-tomata-1-200x300.jpg 200w, https:\/\/www.connectanatura.org\/wp-content\/uploads\/2025\/10\/foto-tomata-1-686x1030.jpg 686w, https:\/\/www.connectanatura.org\/wp-content\/uploads\/2025\/10\/foto-tomata-1-768x1152.jpg 768w, https:\/\/www.connectanatura.org\/wp-content\/uploads\/2025\/10\/foto-tomata-1-8x12.jpg 8w, https:\/\/www.connectanatura.org\/wp-content\/uploads\/2025\/10\/foto-tomata-1.jpg 853w\" sizes=\"(max-width: 200px) 100vw, 200px\" \/><\/p>\n<p>La trobada va combinar coneixement, testimonis i participaci\u00f3 ciutadana: es van compartir les caracter\u00edstiques agron\u00f2miques, la hist\u00f2ria i la cultura associada a la Tomata Mor\u00e0, alhora que es va recon\u00e9ixer el paper fonamental de les persones que, al llarg de generacions, l\u2019han mantinguda viva als horts i a les taules d\u2019Atzeneta.<\/p>\n<p>En el marc del registre participatiu, es va impulsar un proc\u00e9s participatiu per a generar un espai de conflu\u00e8ncia, cooperaci\u00f3 i aprenentatge per tal de revaloritzar les varietats tradicionals del municipi, aix\u00ed com reivindicar el protagonisme de les persones del poble en la seua preservaci\u00f3. En aquest proc\u00e9s es va promoure la participaci\u00f3 ciutadana per generar espais de di\u00e0leg amb l\u2019objectiu de descriure de forma participativa les varietats tradicionals que custodien les persones del territori.<\/p>\n<p>Un dels moments m\u00e9s especials de la jornada va ser l\u2019estrena del v\u00eddeo documental realitzat per @meleta.estudi, que recull aquestes veus i emocions. La seua projecci\u00f3 va commoure el p\u00fablic i va esdevenir un aut\u00e8ntic homenatge col\u00b7lectiu a la mem\u00f2ria agr\u00edcola local.<\/p>\n<p style=\"text-align: center;\"><a href=\"https:\/\/youtu.be\/OI-VXmXpvzY\" target=\"_blank\" rel=\"noopener\">\u00a0Veure v\u00eddeo documental de <strong>La tomata mora\u0300, memo\u0300ria viva d&#8217;Atzeneta<\/strong><\/a><\/p>\n<p>Tota la informaci\u00f3 recopilada durant el proc\u00e9s participatiu es va sistematizar en una fitxa de varietat, acompanyada d\u2019imatges. Durant l\u2019acte, les persones participants van aportar noves dades i records sobre la Tomata Mor\u00e0, que es van incorporar en directe a la fitxa de la varietat. La jornada va finalitzar amb la signatura col\u00b7lectiva de la fitxa, certificant del registre i refor\u00e7ant el comprom\u00eds compartit amb la conservaci\u00f3 del patrimoni agr\u00edcola.<\/p>\n<p><img decoding=\"async\" class=\"wp-image-3851 aligncenter\" src=\"https:\/\/www.connectanatura.org\/wp-content\/uploads\/2025\/10\/Captura-desde-2025-10-31-07-40-18-214x300.png\" alt=\"\" width=\"227\" height=\"318\" srcset=\"https:\/\/www.connectanatura.org\/wp-content\/uploads\/2025\/10\/Captura-desde-2025-10-31-07-40-18-214x300.png 214w, https:\/\/www.connectanatura.org\/wp-content\/uploads\/2025\/10\/Captura-desde-2025-10-31-07-40-18-9x12.png 9w, https:\/\/www.connectanatura.org\/wp-content\/uploads\/2025\/10\/Captura-desde-2025-10-31-07-40-18.png 659w\" sizes=\"(max-width: 227px) 100vw, 227px\" \/><\/p>\n<p>L\u2019\u00e8xit d\u2019aquesta jornada ha sigut possible gr\u00e0cies a la implicaci\u00f3 i col\u00b7laboraci\u00f3 de m\u00faltiples agents locals i comarcals. Volem donar les gr\u00e0cies a l\u2019Ajuntament d\u2019Atzeneta, la Cooperativa d\u2019Atzeneta, el Centre d\u2019Estudis del Maestrat, Maestrat Viu, la Federaci\u00f3 de Centres d\u2019Estudis del Pa\u00eds Valenci\u00e0, el Casal Popular d\u2019Atzeneta, el personal i l\u2019alumnat del Taller d\u2019Ocupaci\u00f3 d\u2019Atzeneta, i a totes les persones que, amb la seua saviesa i estima, mantenen viva la mem\u00f2ria agr\u00edcola del territori.<\/p>\n<p><img decoding=\"async\" class=\"wp-image-3814 aligncenter\" src=\"https:\/\/www.connectanatura.org\/wp-content\/uploads\/2025\/10\/5F2A8953-1-1-300x200.jpg\" alt=\"\" width=\"309\" height=\"206\" srcset=\"https:\/\/www.connectanatura.org\/wp-content\/uploads\/2025\/10\/5F2A8953-1-1-300x200.jpg 300w, https:\/\/www.connectanatura.org\/wp-content\/uploads\/2025\/10\/5F2A8953-1-1-1030x687.jpg 1030w, https:\/\/www.connectanatura.org\/wp-content\/uploads\/2025\/10\/5F2A8953-1-1-768x512.jpg 768w, https:\/\/www.connectanatura.org\/wp-content\/uploads\/2025\/10\/5F2A8953-1-1-1536x1024.jpg 1536w\" sizes=\"(max-width: 309px) 100vw, 309px\" \/><\/p>\n<p>Aquesta activitat est\u00e0 cofinan\u00e7ada pel projecte Varietats tradicionals per enxarxar-nos, beneficiari\u00a0de la convocat\u00f2ria de subvencions destinades a les entitats ciutadanes de la Comunitat Valenciana per a l\u2019enfortiment de la participaci\u00f3 ciutadana (2025), i pel Premi Eixarcolant per al foment de l\u2019etnobot\u00e0nica 2025.<\/p>\n<p>&nbsp;<\/p>\n<p>&nbsp;<\/p>\n<p>&nbsp;<\/p>","protected":false},"excerpt":{"rendered":"<p>Atzeneta del Maestrat va viure una jornada participativa i molt emotiva dedicada a la Tomata Mor\u00e0 d\u2019Atzeneta, una varietat tradicional que forma part de la identitat i de la mem\u00f2ria viva del poble. L\u2019acte, organitzat dins del registre participatiu comunitari de varietats tradicionals, va reunir desenes de ve\u00efns i ve\u00efnes en un ambient de celebraci\u00f3 [&hellip;]<\/p>","protected":false},"author":9,"featured_media":0,"comment_status":"closed","ping_status":"open","sticky":false,"template":"","format":"standard","meta":{"_acf_changed":false,"footnotes":""},"categories":[3],"tags":[],"class_list":["post-3816","post","type-post","status-publish","format-standard","hentry","category-parlem-de"],"acf":[],"yoast_head":"<!-- This site is optimized with the Yoast SEO plugin v24.6 - https:\/\/yoast.com\/wordpress\/plugins\/seo\/ -->\n<title>Registre participatiu comunitari - La tomata mora\u0300, memo\u0300ria viva d&#039;Atzeneta - Connecta Natura<\/title>\n<meta name=\"robots\" content=\"index, follow, max-snippet:-1, max-image-preview:large, max-video-preview:-1\" \/>\n<link rel=\"canonical\" href=\"https:\/\/www.connectanatura.org\/cas\/wp-json\/wp\/v2\/posts\/3816\" \/>\n<meta property=\"og:locale\" content=\"es_ES\" \/>\n<meta property=\"og:type\" content=\"article\" \/>\n<meta property=\"og:title\" content=\"Registre participatiu comunitari - La tomata mora\u0300, memo\u0300ria viva d&#039;Atzeneta - Connecta Natura\" \/>\n<meta property=\"og:description\" content=\"Atzeneta del Maestrat va viure una jornada participativa i molt emotiva dedicada a la Tomata Mor\u00e0 d\u2019Atzeneta, una varietat tradicional que forma part de la identitat i de la mem\u00f2ria viva del poble. L\u2019acte, organitzat dins del registre participatiu comunitari de varietats tradicionals, va reunir desenes de ve\u00efns i ve\u00efnes en un ambient de celebraci\u00f3 [&hellip;]\" \/>\n<meta property=\"og:url\" content=\"https:\/\/www.connectanatura.org\/cas\/registre-participatiu-comunitari-la-tomata-mora-memoria-viva-datzeneta\/\" \/>\n<meta property=\"og:site_name\" content=\"Connecta Natura\" \/>\n<meta property=\"article:publisher\" content=\"https:\/\/www.facebook.com\/connectanatura\" \/>\n<meta property=\"article:published_time\" content=\"2025-10-20T15:31:54+00:00\" \/>\n<meta property=\"article:modified_time\" content=\"2025-10-31T08:13:29+00:00\" \/>\n<meta property=\"og:image\" content=\"https:\/\/www.connectanatura.org\/wp-content\/uploads\/2025\/10\/foto-tomata-1.jpg\" \/>\n\t<meta property=\"og:image:width\" content=\"853\" \/>\n\t<meta property=\"og:image:height\" content=\"1280\" \/>\n\t<meta property=\"og:image:type\" content=\"image\/jpeg\" \/>\n<meta name=\"author\" content=\"carmen\" \/>\n<meta name=\"twitter:card\" content=\"summary_large_image\" \/>\n<meta name=\"twitter:creator\" content=\"@ConnectaNatura\" \/>\n<meta name=\"twitter:site\" content=\"@ConnectaNatura\" \/>\n<meta name=\"twitter:label1\" content=\"Escrito por\" \/>\n\t<meta name=\"twitter:data1\" content=\"carmen\" \/>\n\t<meta name=\"twitter:label2\" content=\"Tiempo de lectura\" \/>\n\t<meta name=\"twitter:data2\" content=\"3 minutos\" \/>\n<script type=\"application\/ld+json\" class=\"yoast-schema-graph\">{\"@context\":\"https:\/\/schema.org\",\"@graph\":[{\"@type\":\"Article\",\"@id\":\"https:\/\/www.connectanatura.org\/registre-participatiu-comunitari-la-tomata-mora-memoria-viva-datzeneta\/#article\",\"isPartOf\":{\"@id\":\"https:\/\/www.connectanatura.org\/registre-participatiu-comunitari-la-tomata-mora-memoria-viva-datzeneta\/\"},\"author\":{\"name\":\"carmen\",\"@id\":\"https:\/\/www.connectanatura.org\/#\/schema\/person\/9ad6455f46e2b7f0414e72ed016d7da2\"},\"headline\":\"Registre participatiu comunitari &#8211; La tomata mora\u0300, memo\u0300ria viva d&#8217;Atzeneta\",\"datePublished\":\"2025-10-20T15:31:54+00:00\",\"dateModified\":\"2025-10-31T08:13:29+00:00\",\"mainEntityOfPage\":{\"@id\":\"https:\/\/www.connectanatura.org\/registre-participatiu-comunitari-la-tomata-mora-memoria-viva-datzeneta\/\"},\"wordCount\":508,\"publisher\":{\"@id\":\"https:\/\/www.connectanatura.org\/#organization\"},\"image\":{\"@id\":\"https:\/\/www.connectanatura.org\/registre-participatiu-comunitari-la-tomata-mora-memoria-viva-datzeneta\/#primaryimage\"},\"thumbnailUrl\":\"https:\/\/www.connectanatura.org\/wp-content\/uploads\/2025\/10\/foto-tomata-1-200x300.jpg\",\"articleSection\":[\"Parlem de\"],\"inLanguage\":\"es\"},{\"@type\":\"WebPage\",\"@id\":\"https:\/\/www.connectanatura.org\/registre-participatiu-comunitari-la-tomata-mora-memoria-viva-datzeneta\/\",\"url\":\"https:\/\/www.connectanatura.org\/registre-participatiu-comunitari-la-tomata-mora-memoria-viva-datzeneta\/\",\"name\":\"Registre participatiu comunitari - La tomata mora\u0300, memo\u0300ria viva d'Atzeneta - Connecta Natura\",\"isPartOf\":{\"@id\":\"https:\/\/www.connectanatura.org\/#website\"},\"primaryImageOfPage\":{\"@id\":\"https:\/\/www.connectanatura.org\/registre-participatiu-comunitari-la-tomata-mora-memoria-viva-datzeneta\/#primaryimage\"},\"image\":{\"@id\":\"https:\/\/www.connectanatura.org\/registre-participatiu-comunitari-la-tomata-mora-memoria-viva-datzeneta\/#primaryimage\"},\"thumbnailUrl\":\"https:\/\/www.connectanatura.org\/wp-content\/uploads\/2025\/10\/foto-tomata-1-200x300.jpg\",\"datePublished\":\"2025-10-20T15:31:54+00:00\",\"dateModified\":\"2025-10-31T08:13:29+00:00\",\"breadcrumb\":{\"@id\":\"https:\/\/www.connectanatura.org\/registre-participatiu-comunitari-la-tomata-mora-memoria-viva-datzeneta\/#breadcrumb\"},\"inLanguage\":\"es\",\"potentialAction\":[{\"@type\":\"ReadAction\",\"target\":[\"https:\/\/www.connectanatura.org\/registre-participatiu-comunitari-la-tomata-mora-memoria-viva-datzeneta\/\"]}]},{\"@type\":\"ImageObject\",\"inLanguage\":\"es\",\"@id\":\"https:\/\/www.connectanatura.org\/registre-participatiu-comunitari-la-tomata-mora-memoria-viva-datzeneta\/#primaryimage\",\"url\":\"https:\/\/www.connectanatura.org\/wp-content\/uploads\/2025\/10\/foto-tomata-1-200x300.jpg\",\"contentUrl\":\"https:\/\/www.connectanatura.org\/wp-content\/uploads\/2025\/10\/foto-tomata-1-200x300.jpg\"},{\"@type\":\"BreadcrumbList\",\"@id\":\"https:\/\/www.connectanatura.org\/registre-participatiu-comunitari-la-tomata-mora-memoria-viva-datzeneta\/#breadcrumb\",\"itemListElement\":[{\"@type\":\"ListItem\",\"position\":1,\"name\":\"Inici\",\"item\":\"https:\/\/www.connectanatura.org\/\"},{\"@type\":\"ListItem\",\"position\":2,\"name\":\"Registre participatiu comunitari &#8211; La tomata mora\u0300, memo\u0300ria viva d&#8217;Atzeneta\"}]},{\"@type\":\"WebSite\",\"@id\":\"https:\/\/www.connectanatura.org\/#website\",\"url\":\"https:\/\/www.connectanatura.org\/\",\"name\":\"Connecta Natura\",\"description\":\"\",\"publisher\":{\"@id\":\"https:\/\/www.connectanatura.org\/#organization\"},\"potentialAction\":[{\"@type\":\"SearchAction\",\"target\":{\"@type\":\"EntryPoint\",\"urlTemplate\":\"https:\/\/www.connectanatura.org\/?s={search_term_string}\"},\"query-input\":{\"@type\":\"PropertyValueSpecification\",\"valueRequired\":true,\"valueName\":\"search_term_string\"}}],\"inLanguage\":\"es\"},{\"@type\":\"Organization\",\"@id\":\"https:\/\/www.connectanatura.org\/#organization\",\"name\":\"Connecta Natura\",\"url\":\"https:\/\/www.connectanatura.org\/\",\"logo\":{\"@type\":\"ImageObject\",\"inLanguage\":\"es\",\"@id\":\"https:\/\/www.connectanatura.org\/#\/schema\/logo\/image\/\",\"url\":\"https:\/\/www.connectanatura.org\/wp-content\/uploads\/2021\/05\/Logo-final-hotzontal.png\",\"contentUrl\":\"https:\/\/www.connectanatura.org\/wp-content\/uploads\/2021\/05\/Logo-final-hotzontal.png\",\"width\":3543,\"height\":1181,\"caption\":\"Connecta Natura\"},\"image\":{\"@id\":\"https:\/\/www.connectanatura.org\/#\/schema\/logo\/image\/\"},\"sameAs\":[\"https:\/\/www.facebook.com\/connectanatura\",\"https:\/\/x.com\/ConnectaNatura\",\"https:\/\/www.instagram.com\/connectanatura\/\",\"https:\/\/www.linkedin.com\/company\/connecta-natura\"]},{\"@type\":\"Person\",\"@id\":\"https:\/\/www.connectanatura.org\/#\/schema\/person\/9ad6455f46e2b7f0414e72ed016d7da2\",\"name\":\"carmen\",\"image\":{\"@type\":\"ImageObject\",\"inLanguage\":\"es\",\"@id\":\"https:\/\/www.connectanatura.org\/#\/schema\/person\/image\/\",\"url\":\"https:\/\/secure.gravatar.com\/avatar\/c0717728b9261c48b49c604cbe68c130?s=96&d=mm&r=g\",\"contentUrl\":\"https:\/\/secure.gravatar.com\/avatar\/c0717728b9261c48b49c604cbe68c130?s=96&d=mm&r=g\",\"caption\":\"carmen\"}}]}<\/script>\n<!-- \/ Yoast SEO plugin. -->","yoast_head_json":{"title":"Registre participatiu comunitari - La tomata mora\u0300, memo\u0300ria viva d'Atzeneta - Connecta Natura","robots":{"index":"index","follow":"follow","max-snippet":"max-snippet:-1","max-image-preview":"max-image-preview:large","max-video-preview":"max-video-preview:-1"},"canonical":"https:\/\/www.connectanatura.org\/cas\/wp-json\/wp\/v2\/posts\/3816","og_locale":"es_ES","og_type":"article","og_title":"Registre participatiu comunitari - La tomata mora\u0300, memo\u0300ria viva d'Atzeneta - Connecta Natura","og_description":"Atzeneta del Maestrat va viure una jornada participativa i molt emotiva dedicada a la Tomata Mor\u00e0 d\u2019Atzeneta, una varietat tradicional que forma part de la identitat i de la mem\u00f2ria viva del poble. L\u2019acte, organitzat dins del registre participatiu comunitari de varietats tradicionals, va reunir desenes de ve\u00efns i ve\u00efnes en un ambient de celebraci\u00f3 [&hellip;]","og_url":"https:\/\/www.connectanatura.org\/cas\/registre-participatiu-comunitari-la-tomata-mora-memoria-viva-datzeneta\/","og_site_name":"Connecta Natura","article_publisher":"https:\/\/www.facebook.com\/connectanatura","article_published_time":"2025-10-20T15:31:54+00:00","article_modified_time":"2025-10-31T08:13:29+00:00","og_image":[{"width":853,"height":1280,"url":"https:\/\/www.connectanatura.org\/wp-content\/uploads\/2025\/10\/foto-tomata-1.jpg","type":"image\/jpeg"}],"author":"carmen","twitter_card":"summary_large_image","twitter_creator":"@ConnectaNatura","twitter_site":"@ConnectaNatura","twitter_misc":{"Escrito por":"carmen","Tiempo de lectura":"3 minutos"},"schema":{"@context":"https:\/\/schema.org","@graph":[{"@type":"Article","@id":"https:\/\/www.connectanatura.org\/registre-participatiu-comunitari-la-tomata-mora-memoria-viva-datzeneta\/#article","isPartOf":{"@id":"https:\/\/www.connectanatura.org\/registre-participatiu-comunitari-la-tomata-mora-memoria-viva-datzeneta\/"},"author":{"name":"carmen","@id":"https:\/\/www.connectanatura.org\/#\/schema\/person\/9ad6455f46e2b7f0414e72ed016d7da2"},"headline":"Registre participatiu comunitari &#8211; La tomata mora\u0300, memo\u0300ria viva d&#8217;Atzeneta","datePublished":"2025-10-20T15:31:54+00:00","dateModified":"2025-10-31T08:13:29+00:00","mainEntityOfPage":{"@id":"https:\/\/www.connectanatura.org\/registre-participatiu-comunitari-la-tomata-mora-memoria-viva-datzeneta\/"},"wordCount":508,"publisher":{"@id":"https:\/\/www.connectanatura.org\/#organization"},"image":{"@id":"https:\/\/www.connectanatura.org\/registre-participatiu-comunitari-la-tomata-mora-memoria-viva-datzeneta\/#primaryimage"},"thumbnailUrl":"https:\/\/www.connectanatura.org\/wp-content\/uploads\/2025\/10\/foto-tomata-1-200x300.jpg","articleSection":["Parlem de"],"inLanguage":"es"},{"@type":"WebPage","@id":"https:\/\/www.connectanatura.org\/registre-participatiu-comunitari-la-tomata-mora-memoria-viva-datzeneta\/","url":"https:\/\/www.connectanatura.org\/registre-participatiu-comunitari-la-tomata-mora-memoria-viva-datzeneta\/","name":"Registre participatiu comunitari - La tomata mora\u0300, memo\u0300ria viva d'Atzeneta - Connecta Natura","isPartOf":{"@id":"https:\/\/www.connectanatura.org\/#website"},"primaryImageOfPage":{"@id":"https:\/\/www.connectanatura.org\/registre-participatiu-comunitari-la-tomata-mora-memoria-viva-datzeneta\/#primaryimage"},"image":{"@id":"https:\/\/www.connectanatura.org\/registre-participatiu-comunitari-la-tomata-mora-memoria-viva-datzeneta\/#primaryimage"},"thumbnailUrl":"https:\/\/www.connectanatura.org\/wp-content\/uploads\/2025\/10\/foto-tomata-1-200x300.jpg","datePublished":"2025-10-20T15:31:54+00:00","dateModified":"2025-10-31T08:13:29+00:00","breadcrumb":{"@id":"https:\/\/www.connectanatura.org\/registre-participatiu-comunitari-la-tomata-mora-memoria-viva-datzeneta\/#breadcrumb"},"inLanguage":"es","potentialAction":[{"@type":"ReadAction","target":["https:\/\/www.connectanatura.org\/registre-participatiu-comunitari-la-tomata-mora-memoria-viva-datzeneta\/"]}]},{"@type":"ImageObject","inLanguage":"es","@id":"https:\/\/www.connectanatura.org\/registre-participatiu-comunitari-la-tomata-mora-memoria-viva-datzeneta\/#primaryimage","url":"https:\/\/www.connectanatura.org\/wp-content\/uploads\/2025\/10\/foto-tomata-1-200x300.jpg","contentUrl":"https:\/\/www.connectanatura.org\/wp-content\/uploads\/2025\/10\/foto-tomata-1-200x300.jpg"},{"@type":"BreadcrumbList","@id":"https:\/\/www.connectanatura.org\/registre-participatiu-comunitari-la-tomata-mora-memoria-viva-datzeneta\/#breadcrumb","itemListElement":[{"@type":"ListItem","position":1,"name":"Inici","item":"https:\/\/www.connectanatura.org\/"},{"@type":"ListItem","position":2,"name":"Registre participatiu comunitari &#8211; La tomata mora\u0300, memo\u0300ria viva d&#8217;Atzeneta"}]},{"@type":"WebSite","@id":"https:\/\/www.connectanatura.org\/#website","url":"https:\/\/www.connectanatura.org\/","name":"Connecta Natura","description":"","publisher":{"@id":"https:\/\/www.connectanatura.org\/#organization"},"potentialAction":[{"@type":"SearchAction","target":{"@type":"EntryPoint","urlTemplate":"https:\/\/www.connectanatura.org\/?s={search_term_string}"},"query-input":{"@type":"PropertyValueSpecification","valueRequired":true,"valueName":"search_term_string"}}],"inLanguage":"es"},{"@type":"Organization","@id":"https:\/\/www.connectanatura.org\/#organization","name":"Connecta Natura","url":"https:\/\/www.connectanatura.org\/","logo":{"@type":"ImageObject","inLanguage":"es","@id":"https:\/\/www.connectanatura.org\/#\/schema\/logo\/image\/","url":"https:\/\/www.connectanatura.org\/wp-content\/uploads\/2021\/05\/Logo-final-hotzontal.png","contentUrl":"https:\/\/www.connectanatura.org\/wp-content\/uploads\/2021\/05\/Logo-final-hotzontal.png","width":3543,"height":1181,"caption":"Connecta Natura"},"image":{"@id":"https:\/\/www.connectanatura.org\/#\/schema\/logo\/image\/"},"sameAs":["https:\/\/www.facebook.com\/connectanatura","https:\/\/x.com\/ConnectaNatura","https:\/\/www.instagram.com\/connectanatura\/","https:\/\/www.linkedin.com\/company\/connecta-natura"]},{"@type":"Person","@id":"https:\/\/www.connectanatura.org\/#\/schema\/person\/9ad6455f46e2b7f0414e72ed016d7da2","name":"carmen","image":{"@type":"ImageObject","inLanguage":"es","@id":"https:\/\/www.connectanatura.org\/#\/schema\/person\/image\/","url":"https:\/\/secure.gravatar.com\/avatar\/c0717728b9261c48b49c604cbe68c130?s=96&d=mm&r=g","contentUrl":"https:\/\/secure.gravatar.com\/avatar\/c0717728b9261c48b49c604cbe68c130?s=96&d=mm&r=g","caption":"carmen"}}]}},"_links":{"self":[{"href":"https:\/\/www.connectanatura.org\/cas\/wp-json\/wp\/v2\/posts\/3816"}],"collection":[{"href":"https:\/\/www.connectanatura.org\/cas\/wp-json\/wp\/v2\/posts"}],"about":[{"href":"https:\/\/www.connectanatura.org\/cas\/wp-json\/wp\/v2\/types\/post"}],"author":[{"embeddable":true,"href":"https:\/\/www.connectanatura.org\/cas\/wp-json\/wp\/v2\/users\/9"}],"replies":[{"embeddable":true,"href":"https:\/\/www.connectanatura.org\/cas\/wp-json\/wp\/v2\/comments?post=3816"}],"version-history":[{"count":4,"href":"https:\/\/www.connectanatura.org\/cas\/wp-json\/wp\/v2\/posts\/3816\/revisions"}],"predecessor-version":[{"id":3852,"href":"https:\/\/www.connectanatura.org\/cas\/wp-json\/wp\/v2\/posts\/3816\/revisions\/3852"}],"wp:attachment":[{"href":"https:\/\/www.connectanatura.org\/cas\/wp-json\/wp\/v2\/media?parent=3816"}],"wp:term":[{"taxonomy":"category","embeddable":true,"href":"https:\/\/www.connectanatura.org\/cas\/wp-json\/wp\/v2\/categories?post=3816"},{"taxonomy":"post_tag","embeddable":true,"href":"https:\/\/www.connectanatura.org\/cas\/wp-json\/wp\/v2\/tags?post=3816"}],"curies":[{"name":"wp","href":"https:\/\/api.w.org\/{rel}","templated":true}]}}