{"id":3820,"date":"2025-10-23T11:03:09","date_gmt":"2025-10-23T09:03:09","guid":{"rendered":"https:\/\/www.connectanatura.org\/?p=3820"},"modified":"2025-10-23T11:03:09","modified_gmt":"2025-10-23T09:03:09","slug":"empelts-de-la-memoria-6-anys-treballant-per-recuperar-els-fruiters-tradicionals","status":"publish","type":"post","link":"https:\/\/www.connectanatura.org\/cas\/empelts-de-la-memoria-6-anys-treballant-per-recuperar-els-fruiters-tradicionals\/","title":{"rendered":"Empelts de la mem\u00f2ria: 6 anys treballant per recuperar els fruiters tradicionals"},"content":{"rendered":"<p><span style=\"font-weight: 400;\">En els \u00faltims anys, s\u00f3n moltes les institucions internacionals que han reconegut la import\u00e0ncia de conservar la diversitat gen\u00e8tica de les esp\u00e8cies cultivades tant per a mantindre la seguretat i estabilitat del sistema agroalimentari, com per a adaptar-se a futurs escenaris clim\u00e0tics, derivats del canvi clim\u00e0tic global. No obstant aix\u00f2, malgrat la seua reconeguda import\u00e0ncia, l&#8217;Organitzaci\u00f3 de les Nacions Unides per a l&#8217;Alimentaci\u00f3 i l&#8217;Agricultura (FAO) estima que el proc\u00e9s d&#8217;erosi\u00f3 gen\u00e8tica que ha ocorregut durant l&#8217;\u00faltim segle ha produ\u00eft la p\u00e8rdua del 75% de la diversitat agr\u00edcola mundial (FAO 2010).<\/span><\/p>\n<p><span style=\"font-weight: 400;\">A les zones muntanyoses i les valls d&#8217;interior es continuen conservant pr\u00e0ctiques i varietats, fruitals i hort\u00edcoles, pr\u00f2pies dels sistemes agr\u00edcoles tradicionals, que poden proporcionar coneixements i recursos gen\u00e8tics per a plantejar una agricultura m\u00e9s sostenible i compatible amb la conservaci\u00f3 del medi natural. Malauradament, s\u00f3n molt poques les iniciatives que s\u2019han dedicat a identificar, catalogar i conservar les varietats fruitals de les comarques valencianes.<\/span><\/p>\n<p><span style=\"font-weight: 400;\">Per aix\u00f2, des del 2019, a Connecta Natura treballem per recuperar les varietats fruitals tradicionals de les comarques de Castell\u00f3 mitjan\u00e7ant la seva caracteritzaci\u00f3 i catalogaci\u00f3, i creant una col\u00b7lecci\u00f3 de refer\u00e8ncia a la Vall de Xinquer (Alcudia de Veo) per a la conservaci\u00f3 dels seus recursos fitogen\u00e8tics.<\/span><\/p>\n<p><img fetchpriority=\"high\" decoding=\"async\" class=\"wp-image-3824 aligncenter\" src=\"https:\/\/www.connectanatura.org\/wp-content\/uploads\/2025\/10\/DSC_0263-300x199.jpg\" alt=\"\" width=\"429\" height=\"285\" srcset=\"https:\/\/www.connectanatura.org\/wp-content\/uploads\/2025\/10\/DSC_0263-300x199.jpg 300w, https:\/\/www.connectanatura.org\/wp-content\/uploads\/2025\/10\/DSC_0263-1030x682.jpg 1030w, https:\/\/www.connectanatura.org\/wp-content\/uploads\/2025\/10\/DSC_0263-768x509.jpg 768w, https:\/\/www.connectanatura.org\/wp-content\/uploads\/2025\/10\/DSC_0263-1536x1017.jpg 1536w, https:\/\/www.connectanatura.org\/wp-content\/uploads\/2025\/10\/DSC_0263-2048x1356.jpg 2048w, https:\/\/www.connectanatura.org\/wp-content\/uploads\/2025\/10\/DSC_0263-18x12.jpg 18w\" sizes=\"(max-width: 429px) 100vw, 429px\" \/><\/p>\n<p><span style=\"font-weight: 400;\">Aquest any hem tornat a ser beneficiaris de la l\u00ednia d&#8217;ajudes per al foment de la innovaci\u00f3 tecnol\u00f2gica a trav\u00e9s de finques o explotacions col\u00b7laboradores finan\u00e7at per la Conselleria d&#8217;Agricultura Ramaderia i Pesca de la Generalitat Valenciana. Dintre d\u2019aquest programa hem 14.998,94\u202f\u20ac accions tan importants com:<\/span><b><\/b><\/p>\n<ul>\n<li aria-level=\"1\"><b>Prospecci\u00f3 d\u2019arbres mare i ampliaci\u00f3 del nostre Cat\u00e0leg de varietats fruitals<\/b><\/li>\n<\/ul>\n<p><span style=\"font-weight: 400;\">Un any m\u00e9s hem sortit a rec\u00f3rrer les comarques de Castell\u00f3 per localitzar arbres mare de varietats tradicionals durant el per\u00edode de collita. En recollim els fruits, els caracteritzem i els fotografiem, per tal d\u2019incloure\u2019ls al nostre cat\u00e0leg. Actualment, estem processant tota la informaci\u00f3 que hem recollit aquest any per generar la 3\u00aa edici\u00f3 del Cat\u00e0leg de Varietats Fruitals Tradicionals de les Comarques de Castell\u00f3. La podreu consultar la nostra web a partir de la segon quinzena de novembre. Entre tant teniu disponible la 2\u00aa Edici\u00f3 del cat\u00e0leg seguint aquest enlla\u00e7: <a href=\"https:\/\/www.connectanatura.org\/cas\/varietats-recuperades\/\">https:\/\/www.connectanatura.org\/varietats-recuperades\/<\/a><\/span><\/p>\n<p><img decoding=\"async\" class=\"alignnone wp-image-3825\" src=\"https:\/\/www.connectanatura.org\/wp-content\/uploads\/2025\/10\/Publicacions-Verticals-3-240x300.png\" alt=\"\" width=\"252\" height=\"315\" srcset=\"https:\/\/www.connectanatura.org\/wp-content\/uploads\/2025\/10\/Publicacions-Verticals-3-240x300.png 240w, https:\/\/www.connectanatura.org\/wp-content\/uploads\/2025\/10\/Publicacions-Verticals-3-824x1030.png 824w, https:\/\/www.connectanatura.org\/wp-content\/uploads\/2025\/10\/Publicacions-Verticals-3-768x960.png 768w, https:\/\/www.connectanatura.org\/wp-content\/uploads\/2025\/10\/Publicacions-Verticals-3-10x12.png 10w, https:\/\/www.connectanatura.org\/wp-content\/uploads\/2025\/10\/Publicacions-Verticals-3.png 1080w\" sizes=\"(max-width: 252px) 100vw, 252px\" \/> <img decoding=\"async\" class=\"alignnone wp-image-3826\" src=\"https:\/\/www.connectanatura.org\/wp-content\/uploads\/2025\/10\/29-240x300.png\" alt=\"\" width=\"252\" height=\"315\" srcset=\"https:\/\/www.connectanatura.org\/wp-content\/uploads\/2025\/10\/29-240x300.png 240w, https:\/\/www.connectanatura.org\/wp-content\/uploads\/2025\/10\/29-824x1030.png 824w, https:\/\/www.connectanatura.org\/wp-content\/uploads\/2025\/10\/29-768x960.png 768w, https:\/\/www.connectanatura.org\/wp-content\/uploads\/2025\/10\/29-10x12.png 10w, https:\/\/www.connectanatura.org\/wp-content\/uploads\/2025\/10\/29.png 1080w\" sizes=\"(max-width: 252px) 100vw, 252px\" \/> <img loading=\"lazy\" decoding=\"async\" class=\"alignnone wp-image-3827\" src=\"https:\/\/www.connectanatura.org\/wp-content\/uploads\/2025\/10\/30-240x300.png\" alt=\"\" width=\"252\" height=\"315\" srcset=\"https:\/\/www.connectanatura.org\/wp-content\/uploads\/2025\/10\/30-240x300.png 240w, https:\/\/www.connectanatura.org\/wp-content\/uploads\/2025\/10\/30-824x1030.png 824w, https:\/\/www.connectanatura.org\/wp-content\/uploads\/2025\/10\/30-768x960.png 768w, https:\/\/www.connectanatura.org\/wp-content\/uploads\/2025\/10\/30-10x12.png 10w, https:\/\/www.connectanatura.org\/wp-content\/uploads\/2025\/10\/30.png 1080w\" sizes=\"(max-width: 252px) 100vw, 252px\" \/><b><\/b><\/p>\n<ul>\n<li aria-level=\"1\"><b>Multiplicaci\u00f3 de les varietats trobades amb t\u00e8cniques d&#8217;esqueix i empelt<\/b><\/li>\n<\/ul>\n<p><span style=\"font-weight: 400;\">Moltes de les varietats tradicionals de fruiters estan a punt de desapar\u00e8ixer. En les nostres prospeccions trobem pocs arbres vius de cada varietat, generalment estan molts envellits i o abandonats. A Connecta Natura lluitem per revertir aquesta situaci\u00f3. A la nostra Finca de multiplicaci\u00f3 a la Vall d&#8217;Alba, aconseguim que aquestes varietats tinguen una segona oportunitat.<\/span><\/p>\n<p><span style=\"font-weight: 400;\">A l\u2019hivern, recollim varetes dels arbres localitzats i les conservem. A la primavera i a finals d\u2019estiu, empeltem i cultivem nous arbres. Tot l&#8217;any, cuidem i mimem aquestes noves generacions. Entre novembre i febrer, els plantem a la nostra col\u00b7lecci\u00f3 del Castell de Xinquer i els repartim entre s\u00f2cies que volen mantenir viu aquest patrimoni a les seues parcel\u00b7les.<\/span><\/p>\n<p><span style=\"font-weight: 400;\">Aquest any hem empeltat varietats de cirera, pruna, poma, pera, bresquilla, d&#8217;albercoc, i ametller! Tamb\u00e9 hem fet esqueixos de figuera, parra i magraner.<\/span><b><\/b><\/p>\n<ul>\n<li aria-level=\"1\"><b>Ampliaci\u00f3 i manteniment de l\u2019arbor\u00e8tum de conservaci\u00f3 a la finca del Castell de Xinquer<\/b><\/li>\n<\/ul>\n<p><span style=\"font-weight: 400;\">La majoria de les varietats fruitals tradicionals que han arribat fins nosaltres van es van originar per mutacions fortu\u00eftes. Des del seu origen s&#8217;han estat reproduint mitjan\u00e7ant empelts o esqueixos (reproducci\u00f3 asexual), no per llavors. Aix\u00f2 vol dir que si plantes un pinyol, procedent de la reproducci\u00f3 sexual, l&#8217;arbre resultant no donar\u00e0 fruits iguals a l&#8217;arbre original. La gen\u00e8tica d\u2019aquesta llavors no ser\u00e0 igual a la de l&#8217;arbre mare, ser\u00e0 una combinaci\u00f3 aleat\u00f2ria dels gens de l\u2019\u00f2vul de la flor d\u2019on ha sortit i del pol\u00b7len que el va pol\u00b7linitzar.<\/span><\/p>\n<p><span style=\"font-weight: 400;\">Per tant, per a conservar aquestes varietats necessitem tenir, com a m\u00ednim, un arbre viu de cada varietat, del que treure brots joves per poder fer-ne esqueixos o empelts, i aix\u00ed multiplicar-lo.<\/span><\/p>\n<p><span style=\"font-weight: 400;\">A Connecta Natura conservem les varietats fruitals tradicionals a la nostra col\u00b7lecci\u00f3 a la finca del Castell de Xinquer (Alcudia de Veo). Amb t\u00e8cniques de reproducci\u00f3 asexual generem c\u00f2pies exactes d&#8217;aquests arbres, els plantem a Xinquer i els mantenim i estudiem sota cultiu ecol\u00f2gic.<\/span><\/p>\n<p><img loading=\"lazy\" decoding=\"async\" class=\"alignnone size-medium wp-image-3828\" src=\"https:\/\/www.connectanatura.org\/wp-content\/uploads\/2025\/10\/36-240x300.png\" alt=\"\" width=\"240\" height=\"300\" srcset=\"https:\/\/www.connectanatura.org\/wp-content\/uploads\/2025\/10\/36-240x300.png 240w, https:\/\/www.connectanatura.org\/wp-content\/uploads\/2025\/10\/36-824x1030.png 824w, https:\/\/www.connectanatura.org\/wp-content\/uploads\/2025\/10\/36-768x960.png 768w, https:\/\/www.connectanatura.org\/wp-content\/uploads\/2025\/10\/36-10x12.png 10w, https:\/\/www.connectanatura.org\/wp-content\/uploads\/2025\/10\/36.png 1080w\" sizes=\"(max-width: 240px) 100vw, 240px\" \/> <img loading=\"lazy\" decoding=\"async\" class=\"alignnone size-medium wp-image-3829\" src=\"https:\/\/www.connectanatura.org\/wp-content\/uploads\/2025\/10\/39-240x300.png\" alt=\"\" width=\"240\" height=\"300\" srcset=\"https:\/\/www.connectanatura.org\/wp-content\/uploads\/2025\/10\/39-240x300.png 240w, https:\/\/www.connectanatura.org\/wp-content\/uploads\/2025\/10\/39-824x1030.png 824w, https:\/\/www.connectanatura.org\/wp-content\/uploads\/2025\/10\/39-768x960.png 768w, https:\/\/www.connectanatura.org\/wp-content\/uploads\/2025\/10\/39-10x12.png 10w, https:\/\/www.connectanatura.org\/wp-content\/uploads\/2025\/10\/39.png 1080w\" sizes=\"(max-width: 240px) 100vw, 240px\" \/> <img loading=\"lazy\" decoding=\"async\" class=\"alignnone size-medium wp-image-3830\" src=\"https:\/\/www.connectanatura.org\/wp-content\/uploads\/2025\/10\/54-240x300.png\" alt=\"\" width=\"240\" height=\"300\" srcset=\"https:\/\/www.connectanatura.org\/wp-content\/uploads\/2025\/10\/54-240x300.png 240w, https:\/\/www.connectanatura.org\/wp-content\/uploads\/2025\/10\/54-824x1030.png 824w, https:\/\/www.connectanatura.org\/wp-content\/uploads\/2025\/10\/54-768x960.png 768w, https:\/\/www.connectanatura.org\/wp-content\/uploads\/2025\/10\/54-10x12.png 10w, https:\/\/www.connectanatura.org\/wp-content\/uploads\/2025\/10\/54.png 1080w\" sizes=\"(max-width: 240px) 100vw, 240px\" \/><\/p>\n<p><span style=\"font-weight: 400;\">Actualment, a la col\u00b7lecci\u00f3 hi tenim 169 arbres i 80 varietats: \ud83c\udf52 56 cirers de 25 varietats, 11 albercoquers de 6 varietats, \ud83c\udf4f 39 pomeres de 22 varietats diferents, 17 pruneres de 6 varietats i \ud83c\udf50 30 pereres de 12 varietats. A m\u00e9s aquest any hem incorporat una nova esp\u00e8cia, s\u2019han plantat 16 presseguers de 9 varietats diferents.<\/span><\/p>\n<p><span style=\"font-weight: 400;\">No dubtes a preguntar-nos qualsevol cosa sobre aquest projecte al correu <a href=\"mailto:fruiters@connectanatura.org\">fruiters@connectanatura.org<\/a><\/span><\/p>","protected":false},"excerpt":{"rendered":"<p>En els \u00faltims anys, s\u00f3n moltes les institucions internacionals que han reconegut la import\u00e0ncia de conservar la diversitat gen\u00e8tica de les esp\u00e8cies cultivades tant per a mantindre la seguretat i estabilitat del sistema agroalimentari, com per a adaptar-se a futurs escenaris clim\u00e0tics, derivats del canvi clim\u00e0tic global. No obstant aix\u00f2, malgrat la seua reconeguda import\u00e0ncia, [&hellip;]<\/p>","protected":false},"author":1,"featured_media":3821,"comment_status":"closed","ping_status":"open","sticky":false,"template":"","format":"standard","meta":{"_acf_changed":false,"footnotes":""},"categories":[3],"tags":[],"class_list":["post-3820","post","type-post","status-publish","format-standard","has-post-thumbnail","hentry","category-parlem-de"],"acf":[],"yoast_head":"<!-- This site is optimized with the Yoast SEO plugin v24.6 - https:\/\/yoast.com\/wordpress\/plugins\/seo\/ -->\n<title>Empelts de la mem\u00f2ria: 6 anys treballant per recuperar els fruiters tradicionals - Connecta Natura<\/title>\n<meta name=\"robots\" content=\"index, follow, max-snippet:-1, max-image-preview:large, max-video-preview:-1\" \/>\n<link rel=\"canonical\" href=\"https:\/\/www.connectanatura.org\/cas\/wp-json\/wp\/v2\/posts\/3820\" \/>\n<meta property=\"og:locale\" content=\"es_ES\" \/>\n<meta property=\"og:type\" content=\"article\" \/>\n<meta property=\"og:title\" content=\"Empelts de la mem\u00f2ria: 6 anys treballant per recuperar els fruiters tradicionals - Connecta Natura\" \/>\n<meta property=\"og:description\" content=\"En els \u00faltims anys, s\u00f3n moltes les institucions internacionals que han reconegut la import\u00e0ncia de conservar la diversitat gen\u00e8tica de les esp\u00e8cies cultivades tant per a mantindre la seguretat i estabilitat del sistema agroalimentari, com per a adaptar-se a futurs escenaris clim\u00e0tics, derivats del canvi clim\u00e0tic global. No obstant aix\u00f2, malgrat la seua reconeguda import\u00e0ncia, [&hellip;]\" \/>\n<meta property=\"og:url\" content=\"https:\/\/www.connectanatura.org\/cas\/empelts-de-la-memoria-6-anys-treballant-per-recuperar-els-fruiters-tradicionals\/\" \/>\n<meta property=\"og:site_name\" content=\"Connecta Natura\" \/>\n<meta property=\"article:publisher\" content=\"https:\/\/www.facebook.com\/connectanatura\" \/>\n<meta property=\"article:published_time\" content=\"2025-10-23T09:03:09+00:00\" \/>\n<meta property=\"og:image\" content=\"https:\/\/www.connectanatura.org\/wp-content\/uploads\/2025\/10\/Publicacions-Verticals-824x1030.png\" \/>\n\t<meta property=\"og:image:width\" content=\"824\" \/>\n\t<meta property=\"og:image:height\" content=\"1030\" \/>\n\t<meta property=\"og:image:type\" content=\"image\/png\" \/>\n<meta name=\"author\" content=\"Connecta Natura\" \/>\n<meta name=\"twitter:card\" content=\"summary_large_image\" \/>\n<meta name=\"twitter:creator\" content=\"@ConnectaNatura\" \/>\n<meta name=\"twitter:site\" content=\"@ConnectaNatura\" \/>\n<meta name=\"twitter:label1\" content=\"Escrito por\" \/>\n\t<meta name=\"twitter:data1\" content=\"Connecta Natura\" \/>\n\t<meta name=\"twitter:label2\" content=\"Tiempo de lectura\" \/>\n\t<meta name=\"twitter:data2\" content=\"6 minutos\" \/>\n<script type=\"application\/ld+json\" class=\"yoast-schema-graph\">{\"@context\":\"https:\/\/schema.org\",\"@graph\":[{\"@type\":\"Article\",\"@id\":\"https:\/\/www.connectanatura.org\/empelts-de-la-memoria-6-anys-treballant-per-recuperar-els-fruiters-tradicionals\/#article\",\"isPartOf\":{\"@id\":\"https:\/\/www.connectanatura.org\/empelts-de-la-memoria-6-anys-treballant-per-recuperar-els-fruiters-tradicionals\/\"},\"author\":{\"name\":\"Connecta Natura\",\"@id\":\"https:\/\/www.connectanatura.org\/#\/schema\/person\/3a4a4101223703badd0b5e30bb5cadbc\"},\"headline\":\"Empelts de la mem\u00f2ria: 6 anys treballant per recuperar els fruiters tradicionals\",\"datePublished\":\"2025-10-23T09:03:09+00:00\",\"mainEntityOfPage\":{\"@id\":\"https:\/\/www.connectanatura.org\/empelts-de-la-memoria-6-anys-treballant-per-recuperar-els-fruiters-tradicionals\/\"},\"wordCount\":814,\"publisher\":{\"@id\":\"https:\/\/www.connectanatura.org\/#organization\"},\"image\":{\"@id\":\"https:\/\/www.connectanatura.org\/empelts-de-la-memoria-6-anys-treballant-per-recuperar-els-fruiters-tradicionals\/#primaryimage\"},\"thumbnailUrl\":\"https:\/\/www.connectanatura.org\/wp-content\/uploads\/2025\/10\/Publicacions-Verticals.png\",\"articleSection\":[\"Parlem de\"],\"inLanguage\":\"es\"},{\"@type\":\"WebPage\",\"@id\":\"https:\/\/www.connectanatura.org\/empelts-de-la-memoria-6-anys-treballant-per-recuperar-els-fruiters-tradicionals\/\",\"url\":\"https:\/\/www.connectanatura.org\/empelts-de-la-memoria-6-anys-treballant-per-recuperar-els-fruiters-tradicionals\/\",\"name\":\"Empelts de la mem\u00f2ria: 6 anys treballant per recuperar els fruiters tradicionals - Connecta Natura\",\"isPartOf\":{\"@id\":\"https:\/\/www.connectanatura.org\/#website\"},\"primaryImageOfPage\":{\"@id\":\"https:\/\/www.connectanatura.org\/empelts-de-la-memoria-6-anys-treballant-per-recuperar-els-fruiters-tradicionals\/#primaryimage\"},\"image\":{\"@id\":\"https:\/\/www.connectanatura.org\/empelts-de-la-memoria-6-anys-treballant-per-recuperar-els-fruiters-tradicionals\/#primaryimage\"},\"thumbnailUrl\":\"https:\/\/www.connectanatura.org\/wp-content\/uploads\/2025\/10\/Publicacions-Verticals.png\",\"datePublished\":\"2025-10-23T09:03:09+00:00\",\"breadcrumb\":{\"@id\":\"https:\/\/www.connectanatura.org\/empelts-de-la-memoria-6-anys-treballant-per-recuperar-els-fruiters-tradicionals\/#breadcrumb\"},\"inLanguage\":\"es\",\"potentialAction\":[{\"@type\":\"ReadAction\",\"target\":[\"https:\/\/www.connectanatura.org\/empelts-de-la-memoria-6-anys-treballant-per-recuperar-els-fruiters-tradicionals\/\"]}]},{\"@type\":\"ImageObject\",\"inLanguage\":\"es\",\"@id\":\"https:\/\/www.connectanatura.org\/empelts-de-la-memoria-6-anys-treballant-per-recuperar-els-fruiters-tradicionals\/#primaryimage\",\"url\":\"https:\/\/www.connectanatura.org\/wp-content\/uploads\/2025\/10\/Publicacions-Verticals.png\",\"contentUrl\":\"https:\/\/www.connectanatura.org\/wp-content\/uploads\/2025\/10\/Publicacions-Verticals.png\",\"width\":1080,\"height\":1350},{\"@type\":\"BreadcrumbList\",\"@id\":\"https:\/\/www.connectanatura.org\/empelts-de-la-memoria-6-anys-treballant-per-recuperar-els-fruiters-tradicionals\/#breadcrumb\",\"itemListElement\":[{\"@type\":\"ListItem\",\"position\":1,\"name\":\"Inici\",\"item\":\"https:\/\/www.connectanatura.org\/\"},{\"@type\":\"ListItem\",\"position\":2,\"name\":\"Empelts de la mem\u00f2ria: 6 anys treballant per recuperar els fruiters tradicionals\"}]},{\"@type\":\"WebSite\",\"@id\":\"https:\/\/www.connectanatura.org\/#website\",\"url\":\"https:\/\/www.connectanatura.org\/\",\"name\":\"Connecta Natura\",\"description\":\"\",\"publisher\":{\"@id\":\"https:\/\/www.connectanatura.org\/#organization\"},\"potentialAction\":[{\"@type\":\"SearchAction\",\"target\":{\"@type\":\"EntryPoint\",\"urlTemplate\":\"https:\/\/www.connectanatura.org\/?s={search_term_string}\"},\"query-input\":{\"@type\":\"PropertyValueSpecification\",\"valueRequired\":true,\"valueName\":\"search_term_string\"}}],\"inLanguage\":\"es\"},{\"@type\":\"Organization\",\"@id\":\"https:\/\/www.connectanatura.org\/#organization\",\"name\":\"Connecta Natura\",\"url\":\"https:\/\/www.connectanatura.org\/\",\"logo\":{\"@type\":\"ImageObject\",\"inLanguage\":\"es\",\"@id\":\"https:\/\/www.connectanatura.org\/#\/schema\/logo\/image\/\",\"url\":\"https:\/\/www.connectanatura.org\/wp-content\/uploads\/2021\/05\/Logo-final-hotzontal.png\",\"contentUrl\":\"https:\/\/www.connectanatura.org\/wp-content\/uploads\/2021\/05\/Logo-final-hotzontal.png\",\"width\":3543,\"height\":1181,\"caption\":\"Connecta Natura\"},\"image\":{\"@id\":\"https:\/\/www.connectanatura.org\/#\/schema\/logo\/image\/\"},\"sameAs\":[\"https:\/\/www.facebook.com\/connectanatura\",\"https:\/\/x.com\/ConnectaNatura\",\"https:\/\/www.instagram.com\/connectanatura\/\",\"https:\/\/www.linkedin.com\/company\/connecta-natura\"]},{\"@type\":\"Person\",\"@id\":\"https:\/\/www.connectanatura.org\/#\/schema\/person\/3a4a4101223703badd0b5e30bb5cadbc\",\"name\":\"Connecta Natura\",\"image\":{\"@type\":\"ImageObject\",\"inLanguage\":\"es\",\"@id\":\"https:\/\/www.connectanatura.org\/#\/schema\/person\/image\/\",\"url\":\"https:\/\/secure.gravatar.com\/avatar\/3324c6c1a0359802e3978e97a9a2029d?s=96&d=mm&r=g\",\"contentUrl\":\"https:\/\/secure.gravatar.com\/avatar\/3324c6c1a0359802e3978e97a9a2029d?s=96&d=mm&r=g\",\"caption\":\"Connecta Natura\"}}]}<\/script>\n<!-- \/ Yoast SEO plugin. -->","yoast_head_json":{"title":"Empelts de la mem\u00f2ria: 6 anys treballant per recuperar els fruiters tradicionals - Connecta Natura","robots":{"index":"index","follow":"follow","max-snippet":"max-snippet:-1","max-image-preview":"max-image-preview:large","max-video-preview":"max-video-preview:-1"},"canonical":"https:\/\/www.connectanatura.org\/cas\/wp-json\/wp\/v2\/posts\/3820","og_locale":"es_ES","og_type":"article","og_title":"Empelts de la mem\u00f2ria: 6 anys treballant per recuperar els fruiters tradicionals - Connecta Natura","og_description":"En els \u00faltims anys, s\u00f3n moltes les institucions internacionals que han reconegut la import\u00e0ncia de conservar la diversitat gen\u00e8tica de les esp\u00e8cies cultivades tant per a mantindre la seguretat i estabilitat del sistema agroalimentari, com per a adaptar-se a futurs escenaris clim\u00e0tics, derivats del canvi clim\u00e0tic global. No obstant aix\u00f2, malgrat la seua reconeguda import\u00e0ncia, [&hellip;]","og_url":"https:\/\/www.connectanatura.org\/cas\/empelts-de-la-memoria-6-anys-treballant-per-recuperar-els-fruiters-tradicionals\/","og_site_name":"Connecta Natura","article_publisher":"https:\/\/www.facebook.com\/connectanatura","article_published_time":"2025-10-23T09:03:09+00:00","og_image":[{"width":824,"height":1030,"url":"https:\/\/www.connectanatura.org\/wp-content\/uploads\/2025\/10\/Publicacions-Verticals-824x1030.png","type":"image\/png"}],"author":"Connecta Natura","twitter_card":"summary_large_image","twitter_creator":"@ConnectaNatura","twitter_site":"@ConnectaNatura","twitter_misc":{"Escrito por":"Connecta Natura","Tiempo de lectura":"6 minutos"},"schema":{"@context":"https:\/\/schema.org","@graph":[{"@type":"Article","@id":"https:\/\/www.connectanatura.org\/empelts-de-la-memoria-6-anys-treballant-per-recuperar-els-fruiters-tradicionals\/#article","isPartOf":{"@id":"https:\/\/www.connectanatura.org\/empelts-de-la-memoria-6-anys-treballant-per-recuperar-els-fruiters-tradicionals\/"},"author":{"name":"Connecta Natura","@id":"https:\/\/www.connectanatura.org\/#\/schema\/person\/3a4a4101223703badd0b5e30bb5cadbc"},"headline":"Empelts de la mem\u00f2ria: 6 anys treballant per recuperar els fruiters tradicionals","datePublished":"2025-10-23T09:03:09+00:00","mainEntityOfPage":{"@id":"https:\/\/www.connectanatura.org\/empelts-de-la-memoria-6-anys-treballant-per-recuperar-els-fruiters-tradicionals\/"},"wordCount":814,"publisher":{"@id":"https:\/\/www.connectanatura.org\/#organization"},"image":{"@id":"https:\/\/www.connectanatura.org\/empelts-de-la-memoria-6-anys-treballant-per-recuperar-els-fruiters-tradicionals\/#primaryimage"},"thumbnailUrl":"https:\/\/www.connectanatura.org\/wp-content\/uploads\/2025\/10\/Publicacions-Verticals.png","articleSection":["Parlem de"],"inLanguage":"es"},{"@type":"WebPage","@id":"https:\/\/www.connectanatura.org\/empelts-de-la-memoria-6-anys-treballant-per-recuperar-els-fruiters-tradicionals\/","url":"https:\/\/www.connectanatura.org\/empelts-de-la-memoria-6-anys-treballant-per-recuperar-els-fruiters-tradicionals\/","name":"Empelts de la mem\u00f2ria: 6 anys treballant per recuperar els fruiters tradicionals - Connecta Natura","isPartOf":{"@id":"https:\/\/www.connectanatura.org\/#website"},"primaryImageOfPage":{"@id":"https:\/\/www.connectanatura.org\/empelts-de-la-memoria-6-anys-treballant-per-recuperar-els-fruiters-tradicionals\/#primaryimage"},"image":{"@id":"https:\/\/www.connectanatura.org\/empelts-de-la-memoria-6-anys-treballant-per-recuperar-els-fruiters-tradicionals\/#primaryimage"},"thumbnailUrl":"https:\/\/www.connectanatura.org\/wp-content\/uploads\/2025\/10\/Publicacions-Verticals.png","datePublished":"2025-10-23T09:03:09+00:00","breadcrumb":{"@id":"https:\/\/www.connectanatura.org\/empelts-de-la-memoria-6-anys-treballant-per-recuperar-els-fruiters-tradicionals\/#breadcrumb"},"inLanguage":"es","potentialAction":[{"@type":"ReadAction","target":["https:\/\/www.connectanatura.org\/empelts-de-la-memoria-6-anys-treballant-per-recuperar-els-fruiters-tradicionals\/"]}]},{"@type":"ImageObject","inLanguage":"es","@id":"https:\/\/www.connectanatura.org\/empelts-de-la-memoria-6-anys-treballant-per-recuperar-els-fruiters-tradicionals\/#primaryimage","url":"https:\/\/www.connectanatura.org\/wp-content\/uploads\/2025\/10\/Publicacions-Verticals.png","contentUrl":"https:\/\/www.connectanatura.org\/wp-content\/uploads\/2025\/10\/Publicacions-Verticals.png","width":1080,"height":1350},{"@type":"BreadcrumbList","@id":"https:\/\/www.connectanatura.org\/empelts-de-la-memoria-6-anys-treballant-per-recuperar-els-fruiters-tradicionals\/#breadcrumb","itemListElement":[{"@type":"ListItem","position":1,"name":"Inici","item":"https:\/\/www.connectanatura.org\/"},{"@type":"ListItem","position":2,"name":"Empelts de la mem\u00f2ria: 6 anys treballant per recuperar els fruiters tradicionals"}]},{"@type":"WebSite","@id":"https:\/\/www.connectanatura.org\/#website","url":"https:\/\/www.connectanatura.org\/","name":"Connecta Natura","description":"","publisher":{"@id":"https:\/\/www.connectanatura.org\/#organization"},"potentialAction":[{"@type":"SearchAction","target":{"@type":"EntryPoint","urlTemplate":"https:\/\/www.connectanatura.org\/?s={search_term_string}"},"query-input":{"@type":"PropertyValueSpecification","valueRequired":true,"valueName":"search_term_string"}}],"inLanguage":"es"},{"@type":"Organization","@id":"https:\/\/www.connectanatura.org\/#organization","name":"Connecta Natura","url":"https:\/\/www.connectanatura.org\/","logo":{"@type":"ImageObject","inLanguage":"es","@id":"https:\/\/www.connectanatura.org\/#\/schema\/logo\/image\/","url":"https:\/\/www.connectanatura.org\/wp-content\/uploads\/2021\/05\/Logo-final-hotzontal.png","contentUrl":"https:\/\/www.connectanatura.org\/wp-content\/uploads\/2021\/05\/Logo-final-hotzontal.png","width":3543,"height":1181,"caption":"Connecta Natura"},"image":{"@id":"https:\/\/www.connectanatura.org\/#\/schema\/logo\/image\/"},"sameAs":["https:\/\/www.facebook.com\/connectanatura","https:\/\/x.com\/ConnectaNatura","https:\/\/www.instagram.com\/connectanatura\/","https:\/\/www.linkedin.com\/company\/connecta-natura"]},{"@type":"Person","@id":"https:\/\/www.connectanatura.org\/#\/schema\/person\/3a4a4101223703badd0b5e30bb5cadbc","name":"Connecta Natura","image":{"@type":"ImageObject","inLanguage":"es","@id":"https:\/\/www.connectanatura.org\/#\/schema\/person\/image\/","url":"https:\/\/secure.gravatar.com\/avatar\/3324c6c1a0359802e3978e97a9a2029d?s=96&d=mm&r=g","contentUrl":"https:\/\/secure.gravatar.com\/avatar\/3324c6c1a0359802e3978e97a9a2029d?s=96&d=mm&r=g","caption":"Connecta Natura"}}]}},"_links":{"self":[{"href":"https:\/\/www.connectanatura.org\/cas\/wp-json\/wp\/v2\/posts\/3820"}],"collection":[{"href":"https:\/\/www.connectanatura.org\/cas\/wp-json\/wp\/v2\/posts"}],"about":[{"href":"https:\/\/www.connectanatura.org\/cas\/wp-json\/wp\/v2\/types\/post"}],"author":[{"embeddable":true,"href":"https:\/\/www.connectanatura.org\/cas\/wp-json\/wp\/v2\/users\/1"}],"replies":[{"embeddable":true,"href":"https:\/\/www.connectanatura.org\/cas\/wp-json\/wp\/v2\/comments?post=3820"}],"version-history":[{"count":2,"href":"https:\/\/www.connectanatura.org\/cas\/wp-json\/wp\/v2\/posts\/3820\/revisions"}],"predecessor-version":[{"id":3837,"href":"https:\/\/www.connectanatura.org\/cas\/wp-json\/wp\/v2\/posts\/3820\/revisions\/3837"}],"wp:featuredmedia":[{"embeddable":true,"href":"https:\/\/www.connectanatura.org\/cas\/wp-json\/wp\/v2\/media\/3821"}],"wp:attachment":[{"href":"https:\/\/www.connectanatura.org\/cas\/wp-json\/wp\/v2\/media?parent=3820"}],"wp:term":[{"taxonomy":"category","embeddable":true,"href":"https:\/\/www.connectanatura.org\/cas\/wp-json\/wp\/v2\/categories?post=3820"},{"taxonomy":"post_tag","embeddable":true,"href":"https:\/\/www.connectanatura.org\/cas\/wp-json\/wp\/v2\/tags?post=3820"}],"curies":[{"name":"wp","href":"https:\/\/api.w.org\/{rel}","templated":true}]}}